{"id":50023,"date":"2025-08-20T13:55:00","date_gmt":"2025-08-20T10:55:00","guid":{"rendered":"https:\/\/www.egemtv.com\/?p=50023"},"modified":"2025-08-20T13:55:01","modified_gmt":"2025-08-20T10:55:01","slug":"silahla-yaralanan-guvenlik-gorevlisi-kurtarilamadi","status":"publish","type":"post","link":"https:\/\/www.egemtv.com\/?p=50023","title":{"rendered":"Silahla yaralanan g\u00fcvenlik g\u00f6revlisi kurtar\u0131lamad\u0131"},"content":{"rendered":"<p>Mu\u011fla\u2019n\u0131n Mente\u015fe il\u00e7esinde sabah saatlerinde ba\u015f\u0131ndan vurulmu\u015f halde bulunan g\u00fcvenlik g\u00f6revlisi Mehmet Y\u00fcklet, hastanede yap\u0131lan t\u00fcm m\u00fcdahalelere ra\u011fmen kurtar\u0131lamad\u0131.<\/p>\n<p>Olay, Emirbeyaz\u0131t Mahallesi\u2019nde meydana geldi. Edinilen bilgiye g\u00f6re, bir bankada g\u00fcvenlik g\u00f6revlisi olarak \u00e7al\u0131\u015fan Mehmet Y\u00fcklet, kendisine zimmetli silah\u0131yla ba\u015f\u0131ndan vurulmu\u015f halde bulundu. Durumu fark eden vatanda\u015flar, 112 Acil \u00c7a\u011fr\u0131 Merkezi\u2019ne ihbarda bulundu.<br \/>\n<br \/>\u0130hbar \u00fczerine olay yerine \u00e7ok say\u0131da polis ve sa\u011fl\u0131k ekibi sevk edildi. Sa\u011fl\u0131k ekipleri taraf\u0131ndan ilk m\u00fcdahalesi yap\u0131lan Y\u00fcklet, a\u011f\u0131r yaral\u0131 olarak Mente\u015fe Devlet Hastanesi\u2019ne kald\u0131r\u0131ld\u0131. Mehmet Y\u00fcklet daha kapsaml\u0131 tedavi amac\u0131yla Mu\u011fla E\u011fitim ve Ara\u015ft\u0131rma Hastanesine sevk edilirken, hastanede yap\u0131lan t\u00fcm m\u00fcdahalelere ra\u011fmen kurtar\u0131lamad\u0131.<br \/><\/p>\n","protected":false},"excerpt":{"rendered":"<p>Mu\u011fla\u2019n\u0131n Mente\u015fe il\u00e7esinde sabah saatlerinde ba\u015f\u0131ndan vurulmu\u015f halde bulunan g\u00fcvenlik g\u00f6revlisi Mehmet Y\u00fcklet, hastanede yap\u0131lan t\u00fcm m\u00fcdahalelere ra\u011fmen kurtar\u0131lamad\u0131. Olay, Emirbeyaz\u0131t Mahallesi\u2019nde meydana geldi. Edinilen bilgiye g\u00f6re, bir bankada g\u00fcvenlik g\u00f6revlisi olarak \u00e7al\u0131\u015fan Mehmet Y\u00fcklet, kendisine zimmetli silah\u0131yla ba\u015f\u0131ndan vurulmu\u015f halde bulundu. Durumu fark eden vatanda\u015flar, 112 Acil \u00c7a\u011fr\u0131 Merkezi\u2019ne ihbarda bulundu. \u0130hbar \u00fczerine olay&#8230;<\/p>\n","protected":false},"author":1,"featured_media":50024,"comment_status":"open","ping_status":"open","sticky":false,"template":"","format":"standard","meta":{"_crdt_document":"","footnotes":""},"categories":[5],"tags":[],"class_list":["post-50023","post","type-post","status-publish","format-standard","has-post-thumbnail","hentry","category-asayis"],"_links":{"self":[{"href":"https:\/\/www.egemtv.com\/index.php?rest_route=\/wp\/v2\/posts\/50023","targetHints":{"allow":["GET"]}}],"collection":[{"href":"https:\/\/www.egemtv.com\/index.php?rest_route=\/wp\/v2\/posts"}],"about":[{"href":"https:\/\/www.egemtv.com\/index.php?rest_route=\/wp\/v2\/types\/post"}],"author":[{"embeddable":true,"href":"https:\/\/www.egemtv.com\/index.php?rest_route=\/wp\/v2\/users\/1"}],"replies":[{"embeddable":true,"href":"https:\/\/www.egemtv.com\/index.php?rest_route=%2Fwp%2Fv2%2Fcomments&post=50023"}],"version-history":[{"count":1,"href":"https:\/\/www.egemtv.com\/index.php?rest_route=\/wp\/v2\/posts\/50023\/revisions"}],"predecessor-version":[{"id":50025,"href":"https:\/\/www.egemtv.com\/index.php?rest_route=\/wp\/v2\/posts\/50023\/revisions\/50025"}],"wp:featuredmedia":[{"embeddable":true,"href":"https:\/\/www.egemtv.com\/index.php?rest_route=\/wp\/v2\/media\/50024"}],"wp:attachment":[{"href":"https:\/\/www.egemtv.com\/index.php?rest_route=%2Fwp%2Fv2%2Fmedia&parent=50023"}],"wp:term":[{"taxonomy":"category","embeddable":true,"href":"https:\/\/www.egemtv.com\/index.php?rest_route=%2Fwp%2Fv2%2Fcategories&post=50023"},{"taxonomy":"post_tag","embeddable":true,"href":"https:\/\/www.egemtv.com\/index.php?rest_route=%2Fwp%2Fv2%2Ftags&post=50023"}],"curies":[{"name":"wp","href":"https:\/\/api.w.org\/{rel}","templated":true}]}}