{"id":50020,"date":"2025-08-20T13:34:44","date_gmt":"2025-08-20T10:34:44","guid":{"rendered":"https:\/\/www.egemtv.com\/?p=50020"},"modified":"2025-08-20T13:34:45","modified_gmt":"2025-08-20T10:34:45","slug":"balciga-saplanan-leylegin-imdadina-balikcilar-yetisti","status":"publish","type":"post","link":"https:\/\/www.egemtv.com\/?p=50020","title":{"rendered":"Bal\u00e7\u0131\u011fa saplanan leyle\u011fin imdad\u0131na bal\u0131k\u00e7\u0131lar yeti\u015fti"},"content":{"rendered":"<p>Denizli\u2019de I\u015f\u0131kl\u0131 G\u00f6l\u00fcnde bal\u00e7\u0131\u011fa saplanan leylek, avlamak i\u00e7in g\u00f6le a\u00e7\u0131lan bal\u0131k\u00e7\u0131lar\u0131n dikkati sayesinde kurtar\u0131ld\u0131. Aya\u011f\u0131n\u0131n k\u0131r\u0131ld\u0131\u011f\u0131 belirlenen, koruma alt\u0131na al\u0131nd\u0131.<\/p>\n<p>Denizli\u2019nin \u00c7ivril il\u00e7esinde bulunan ve her y\u0131l y\u00fczlerce ziyaret\u00e7isini a\u011f\u0131rlayan I\u015f\u0131kl\u0131 G\u00f6l\u00fc, ayn\u0131 zamanda g\u00f6\u00e7men ku\u015flar\u0131nda u\u011frak noktalar\u0131ndan biri olarak biliniyor. Avlanmak i\u00e7in g\u00f6le a\u00e7\u0131lan bal\u0131k\u00e7\u0131 \u0130smet Eren ve Ali Bozkurt, tekneleri ile seyir halindeyken, kendilerinden yakla\u015f\u0131k 50 metre uzakl\u0131kta bir leyle\u011fin \u00e7\u0131rp\u0131n\u0131\u015f\u0131n\u0131 fark etti. Bal\u00e7\u0131\u011f\u0131n i\u00e7erisinde \u00e7\u0131rp\u0131nan leyle\u011fi kurtarmak isteyen bal\u0131k\u00e7\u0131lar, kendilerini riske atarak leyle\u011fe yakla\u015ft\u0131. Leyle\u011fin yan\u0131na giderek sapland\u0131\u011f\u0131 bal\u00e7\u0131ktan \u00e7\u0131karan bal\u0131k\u00e7\u0131lar, leyle\u011fin aya\u011f\u0131nda ise k\u0131r\u0131k oldu\u011funu fark etti. K<\/p>\n<p>araya \u00e7\u0131kartt\u0131klar\u0131 leyle\u011fin tedavi edilmesi i\u00e7in Do\u011fa Koruma ve Milli Parklar ekiplerine teslim eden bal\u0131k\u00e7\u0131 \u0130smet Eren, &#8220;Bu g\u00f6l sadece bize de\u011fil, t\u00fcm canl\u0131lara yuva. Bal\u00e7\u0131k i\u00e7inde mahsur kalan leyle\u011fi orada b\u0131rakmak, vicdan\u0131m\u0131za s\u0131\u011fmazd\u0131. Kurtard\u0131\u011f\u0131m\u0131z leylek in bir aya\u011f\u0131 da k\u00f6t\u00fc \u015fekilde k\u0131r\u0131lm\u0131\u015ft\u0131. Leyle\u011fi ekiplere teslim ettik. \u0130n\u015fallah tedavisi k\u0131sa s\u00fcrede biter ve ait oldu\u011fu do\u011faya geri d\u00f6ner&#8221; dedi.<br \/><\/p>\n","protected":false},"excerpt":{"rendered":"<p>Denizli\u2019de I\u015f\u0131kl\u0131 G\u00f6l\u00fcnde bal\u00e7\u0131\u011fa saplanan leylek, avlamak i\u00e7in g\u00f6le a\u00e7\u0131lan bal\u0131k\u00e7\u0131lar\u0131n dikkati sayesinde kurtar\u0131ld\u0131. Aya\u011f\u0131n\u0131n k\u0131r\u0131ld\u0131\u011f\u0131 belirlenen, koruma alt\u0131na al\u0131nd\u0131. Denizli\u2019nin \u00c7ivril il\u00e7esinde bulunan ve her y\u0131l y\u00fczlerce ziyaret\u00e7isini a\u011f\u0131rlayan I\u015f\u0131kl\u0131 G\u00f6l\u00fc, ayn\u0131 zamanda g\u00f6\u00e7men ku\u015flar\u0131nda u\u011frak noktalar\u0131ndan biri olarak biliniyor. Avlanmak i\u00e7in g\u00f6le a\u00e7\u0131lan bal\u0131k\u00e7\u0131 \u0130smet Eren ve Ali Bozkurt, tekneleri ile seyir halindeyken,&#8230;<\/p>\n","protected":false},"author":1,"featured_media":50021,"comment_status":"open","ping_status":"open","sticky":false,"template":"","format":"standard","meta":{"_crdt_document":"","footnotes":""},"categories":[1],"tags":[],"class_list":["post-50020","post","type-post","status-publish","format-standard","has-post-thumbnail","hentry","category-guncel"],"_links":{"self":[{"href":"https:\/\/www.egemtv.com\/index.php?rest_route=\/wp\/v2\/posts\/50020","targetHints":{"allow":["GET"]}}],"collection":[{"href":"https:\/\/www.egemtv.com\/index.php?rest_route=\/wp\/v2\/posts"}],"about":[{"href":"https:\/\/www.egemtv.com\/index.php?rest_route=\/wp\/v2\/types\/post"}],"author":[{"embeddable":true,"href":"https:\/\/www.egemtv.com\/index.php?rest_route=\/wp\/v2\/users\/1"}],"replies":[{"embeddable":true,"href":"https:\/\/www.egemtv.com\/index.php?rest_route=%2Fwp%2Fv2%2Fcomments&post=50020"}],"version-history":[{"count":1,"href":"https:\/\/www.egemtv.com\/index.php?rest_route=\/wp\/v2\/posts\/50020\/revisions"}],"predecessor-version":[{"id":50022,"href":"https:\/\/www.egemtv.com\/index.php?rest_route=\/wp\/v2\/posts\/50020\/revisions\/50022"}],"wp:featuredmedia":[{"embeddable":true,"href":"https:\/\/www.egemtv.com\/index.php?rest_route=\/wp\/v2\/media\/50021"}],"wp:attachment":[{"href":"https:\/\/www.egemtv.com\/index.php?rest_route=%2Fwp%2Fv2%2Fmedia&parent=50020"}],"wp:term":[{"taxonomy":"category","embeddable":true,"href":"https:\/\/www.egemtv.com\/index.php?rest_route=%2Fwp%2Fv2%2Fcategories&post=50020"},{"taxonomy":"post_tag","embeddable":true,"href":"https:\/\/www.egemtv.com\/index.php?rest_route=%2Fwp%2Fv2%2Ftags&post=50020"}],"curies":[{"name":"wp","href":"https:\/\/api.w.org\/{rel}","templated":true}]}}