{"id":50017,"date":"2025-08-20T13:34:43","date_gmt":"2025-08-20T10:34:43","guid":{"rendered":"https:\/\/www.egemtv.com\/?p=50017"},"modified":"2025-08-20T13:34:44","modified_gmt":"2025-08-20T10:34:44","slug":"datcada-38-duzensiz-gocmen-ve-2-supheli-yakalandi","status":"publish","type":"post","link":"https:\/\/www.egemtv.com\/?p=50017","title":{"rendered":"Dat\u00e7a\u2019da 38 d\u00fczensiz g\u00f6\u00e7men ve 2 \u015f\u00fcpheli yakaland\u0131"},"content":{"rendered":"<p>Mu\u011fla\u2019n\u0131n Dat\u00e7a il\u00e7esinde Sahil G\u00fcvenlik ekiplerince d\u00fczenlenen operasyonda 38 d\u00fczensiz g\u00f6\u00e7men ve 2 g\u00f6\u00e7men ka\u00e7ak\u00e7\u0131l\u0131\u011f\u0131 \u015f\u00fcphelisi yakaland\u0131.<br \/>\n<br \/>Edinilen bilgiye g\u00f6re, Dat\u00e7a Sahil G\u00fcvenlik Komutanl\u0131\u011f\u0131 taraf\u0131ndan ger\u00e7ekle\u015ftirilen operasyonda 10\u2019u \u00e7ocuk olmak \u00fczere toplam 38 d\u00fczensiz g\u00f6\u00e7men (yakaland\u0131. G\u00f6\u00e7menlerle birlikte yakalanan g\u00f6\u00e7men ka\u00e7ak\u00e7\u0131s\u0131 \u015f\u00fcphelisi E.\u00d6. (37) ve Moldova uyruklu A.V. (36) i\u015flemleri yap\u0131lmak \u00fczere Dat\u00e7a \u0130l\u00e7e Emniyet M\u00fcd\u00fcrl\u00fc\u011f\u00fc\u2019ne teslim edildi. Soru\u015fturma kapsam\u0131nda teknenin seyir izin belgesi sahibi oldu\u011fu tespit edilen Almanya uyruklu H.T.\u2019nin (52) yakalanmas\u0131 i\u00e7in \u00e7al\u0131\u015fma ba\u015flat\u0131ld\u0131. Yakalanarak g\u00f6zalt\u0131na al\u0131nan E.\u00d6. ve A.V. ise emniyetteki i\u015flemlerinin ard\u0131ndan sevk edildikleri adli makamlarca tutuklanarak cezaevineg\u00f6nderildi.<br \/><\/p>\n","protected":false},"excerpt":{"rendered":"<p>Mu\u011fla\u2019n\u0131n Dat\u00e7a il\u00e7esinde Sahil G\u00fcvenlik ekiplerince d\u00fczenlenen operasyonda 38 d\u00fczensiz g\u00f6\u00e7men ve 2 g\u00f6\u00e7men ka\u00e7ak\u00e7\u0131l\u0131\u011f\u0131 \u015f\u00fcphelisi yakaland\u0131. Edinilen bilgiye g\u00f6re, Dat\u00e7a Sahil G\u00fcvenlik Komutanl\u0131\u011f\u0131 taraf\u0131ndan ger\u00e7ekle\u015ftirilen operasyonda 10\u2019u \u00e7ocuk olmak \u00fczere toplam 38 d\u00fczensiz g\u00f6\u00e7men (yakaland\u0131. G\u00f6\u00e7menlerle birlikte yakalanan g\u00f6\u00e7men ka\u00e7ak\u00e7\u0131s\u0131 \u015f\u00fcphelisi E.\u00d6. (37) ve Moldova uyruklu A.V. (36) i\u015flemleri yap\u0131lmak \u00fczere Dat\u00e7a \u0130l\u00e7e Emniyet&#8230;<\/p>\n","protected":false},"author":1,"featured_media":50018,"comment_status":"open","ping_status":"open","sticky":false,"template":"","format":"standard","meta":{"_crdt_document":"","footnotes":""},"categories":[5],"tags":[],"class_list":["post-50017","post","type-post","status-publish","format-standard","has-post-thumbnail","hentry","category-asayis"],"_links":{"self":[{"href":"https:\/\/www.egemtv.com\/index.php?rest_route=\/wp\/v2\/posts\/50017","targetHints":{"allow":["GET"]}}],"collection":[{"href":"https:\/\/www.egemtv.com\/index.php?rest_route=\/wp\/v2\/posts"}],"about":[{"href":"https:\/\/www.egemtv.com\/index.php?rest_route=\/wp\/v2\/types\/post"}],"author":[{"embeddable":true,"href":"https:\/\/www.egemtv.com\/index.php?rest_route=\/wp\/v2\/users\/1"}],"replies":[{"embeddable":true,"href":"https:\/\/www.egemtv.com\/index.php?rest_route=%2Fwp%2Fv2%2Fcomments&post=50017"}],"version-history":[{"count":1,"href":"https:\/\/www.egemtv.com\/index.php?rest_route=\/wp\/v2\/posts\/50017\/revisions"}],"predecessor-version":[{"id":50019,"href":"https:\/\/www.egemtv.com\/index.php?rest_route=\/wp\/v2\/posts\/50017\/revisions\/50019"}],"wp:featuredmedia":[{"embeddable":true,"href":"https:\/\/www.egemtv.com\/index.php?rest_route=\/wp\/v2\/media\/50018"}],"wp:attachment":[{"href":"https:\/\/www.egemtv.com\/index.php?rest_route=%2Fwp%2Fv2%2Fmedia&parent=50017"}],"wp:term":[{"taxonomy":"category","embeddable":true,"href":"https:\/\/www.egemtv.com\/index.php?rest_route=%2Fwp%2Fv2%2Fcategories&post=50017"},{"taxonomy":"post_tag","embeddable":true,"href":"https:\/\/www.egemtv.com\/index.php?rest_route=%2Fwp%2Fv2%2Ftags&post=50017"}],"curies":[{"name":"wp","href":"https:\/\/api.w.org\/{rel}","templated":true}]}}