{"id":50011,"date":"2025-08-20T13:15:45","date_gmt":"2025-08-20T10:15:45","guid":{"rendered":"https:\/\/www.egemtv.com\/?p=50011"},"modified":"2025-08-20T13:15:45","modified_gmt":"2025-08-20T10:15:45","slug":"festival-icin-gelen-kardes-ulke-azerbaycan-heyeti-cameliye-hayran-kaldi","status":"publish","type":"post","link":"https:\/\/www.egemtv.com\/?p=50011","title":{"rendered":"Festival i\u00e7in gelen karde\u015f \u00fclke Azerbaycan heyeti \u00c7ameli\u2019ye hayran kald\u0131"},"content":{"rendered":"<p>Azerbaycan\u2019\u0131n karde\u015f \u015fehri olan ve \u00c7ameli Belediyesi ile karde\u015f \u015fehir protokol\u00fc bulunan Bilesuvar Rayonu heyeti Ba\u015fkan Cengiz Arslan\u2019\u0131 makam\u0131nda ziyaret etti. Ziyaret kapsam\u0131nda Ba\u015fkan Arslan, \u00c7ameli\u2019nin g\u00fczelliklerini tan\u0131tt\u0131ktan sonra hayata ge\u00e7irilen Gen\u00e7lik Merkezini hakk\u0131nda bilgi verdi.<\/p>\n<p>Denizli\u2019nin \u00c7ameli il\u00e7esinin karde\u015f \u015fehri Azerbaycan\u2019\u0131n Bilesuvar Rayonu heyeti, \u00c7ameli Belediye Ba\u015fkan\u0131 Cengiz Arslan\u2019\u0131 makam\u0131nda ziyaret etti. Ziyarette, \u015fimdiye kadar ger\u00e7ekle\u015ftirilen projeler ve yap\u0131lacak yeni \u00e7al\u0131\u015fmalar \u00fczerine isti\u015farelerde bulunuldu. G\u00f6r\u00fc\u015fmelerin ard\u0131ndan misafir heyet ile kar\u015f\u0131l\u0131kl\u0131 hediye takdimi ger\u00e7ekle\u015ftirildi. Ard\u0131ndan konuk heyeti il\u00e7e merkezinde gezdirerek \u00c7ameli\u2019nin g\u00fczelliklerini tan\u0131tan Ba\u015fkan Arslan, ayr\u0131ca \u00c7ameli Belediyesi ile Bilesuvar Rayonu karde\u015flik an\u0131s\u0131na dikilen a\u011fa\u00e7 birlikte suland\u0131.<\/p>\n<p>Daha sonras\u0131nda Azerbaycan\u2019\u0131n Bilesuvar Rayonu karde\u015f \u015fehirden gelen heyet, Ba\u015fkan Arslan ve il\u00e7e protokol\u00fc ile birlikte, K\u00fclt\u00fcr ve Turizm Bakanl\u0131\u011f\u0131 ile Gen\u00e7lik ve Spor Bakanl\u0131\u011f\u0131 destekleriyle \u00c7ameli Belediyesi taraf\u0131ndan hayata ge\u00e7irilen Gen\u00e7lik Merkezimizi ziyaret etti. Ziyarette, \u00c7ameli Gen\u00e7lik ve Spor \u0130l\u00e7e M\u00fcd\u00fcr\u00fc Metin Da\u011fl\u0131 da e\u015flik ederek dershaneler, m\u00fczik at\u00f6lyesi ve di\u011fer b\u00f6l\u00fcmler hakk\u0131nda heyete bilgi verdi. Gen\u00e7lik Merkezi, misafir heyetten tam not ald\u0131 ve b\u00fcy\u00fck be\u011feni toplad\u0131. Program kapsam\u0131nda \u0130l\u00e7e Halk K\u00fct\u00fcphanesi de gezildi.<\/p>\n<p>Ziyarete; Yunsurov Vlahddin Yusif, Mmmdov Xanlar, Astanov El\u015fn vz, Hsnzad Ramil, Ba\u011f\u0131rov Aq\u015fin, Nuriyev Qurban Xanli, Bdlov R\u00f6v\u015fn Mmmdli, Abasov \u0130lqar, Mhrrmov Elcan, Mmmdov Faiq ve Sfrov Elsevr kat\u0131ld\u0131.<br \/><\/p>\n","protected":false},"excerpt":{"rendered":"<p>Azerbaycan\u2019\u0131n karde\u015f \u015fehri olan ve \u00c7ameli Belediyesi ile karde\u015f \u015fehir protokol\u00fc bulunan Bilesuvar Rayonu heyeti Ba\u015fkan Cengiz Arslan\u2019\u0131 makam\u0131nda ziyaret etti. Ziyaret kapsam\u0131nda Ba\u015fkan Arslan, \u00c7ameli\u2019nin g\u00fczelliklerini tan\u0131tt\u0131ktan sonra hayata ge\u00e7irilen Gen\u00e7lik Merkezini hakk\u0131nda bilgi verdi. Denizli\u2019nin \u00c7ameli il\u00e7esinin karde\u015f \u015fehri Azerbaycan\u2019\u0131n Bilesuvar Rayonu heyeti, \u00c7ameli Belediye Ba\u015fkan\u0131 Cengiz Arslan\u2019\u0131 makam\u0131nda ziyaret etti. Ziyarette, \u015fimdiye&#8230;<\/p>\n","protected":false},"author":1,"featured_media":50012,"comment_status":"open","ping_status":"open","sticky":false,"template":"","format":"standard","meta":{"_crdt_document":"","footnotes":""},"categories":[1],"tags":[],"class_list":["post-50011","post","type-post","status-publish","format-standard","has-post-thumbnail","hentry","category-guncel"],"_links":{"self":[{"href":"https:\/\/www.egemtv.com\/index.php?rest_route=\/wp\/v2\/posts\/50011","targetHints":{"allow":["GET"]}}],"collection":[{"href":"https:\/\/www.egemtv.com\/index.php?rest_route=\/wp\/v2\/posts"}],"about":[{"href":"https:\/\/www.egemtv.com\/index.php?rest_route=\/wp\/v2\/types\/post"}],"author":[{"embeddable":true,"href":"https:\/\/www.egemtv.com\/index.php?rest_route=\/wp\/v2\/users\/1"}],"replies":[{"embeddable":true,"href":"https:\/\/www.egemtv.com\/index.php?rest_route=%2Fwp%2Fv2%2Fcomments&post=50011"}],"version-history":[{"count":1,"href":"https:\/\/www.egemtv.com\/index.php?rest_route=\/wp\/v2\/posts\/50011\/revisions"}],"predecessor-version":[{"id":50013,"href":"https:\/\/www.egemtv.com\/index.php?rest_route=\/wp\/v2\/posts\/50011\/revisions\/50013"}],"wp:featuredmedia":[{"embeddable":true,"href":"https:\/\/www.egemtv.com\/index.php?rest_route=\/wp\/v2\/media\/50012"}],"wp:attachment":[{"href":"https:\/\/www.egemtv.com\/index.php?rest_route=%2Fwp%2Fv2%2Fmedia&parent=50011"}],"wp:term":[{"taxonomy":"category","embeddable":true,"href":"https:\/\/www.egemtv.com\/index.php?rest_route=%2Fwp%2Fv2%2Fcategories&post=50011"},{"taxonomy":"post_tag","embeddable":true,"href":"https:\/\/www.egemtv.com\/index.php?rest_route=%2Fwp%2Fv2%2Ftags&post=50011"}],"curies":[{"name":"wp","href":"https:\/\/api.w.org\/{rel}","templated":true}]}}