{"id":49969,"date":"2025-08-20T11:35:03","date_gmt":"2025-08-20T08:35:03","guid":{"rendered":"https:\/\/www.egemtv.com\/?p=49969"},"modified":"2025-08-20T11:35:04","modified_gmt":"2025-08-20T08:35:04","slug":"eutf-hastanesi-merkezi-ameliyathanede-ilk-operasyon-yapildi","status":"publish","type":"post","link":"https:\/\/www.egemtv.com\/?p=49969","title":{"rendered":"E\u00dcTF Hastanesi Merkezi Ameliyathanede ilk operasyon yap\u0131ld\u0131"},"content":{"rendered":"<p>Ege \u00dcniversitesi T\u0131p Fak\u00fcltesi (E\u00dcTF) Hastanesinde k\u0131sa s\u00fcre \u00f6nce a\u00e7\u0131l\u0131\u015f\u0131 yap\u0131lan merkezi ameliyathanede hali haz\u0131rda devam eden g\u00fcn\u00fcbirlik cerrahi i\u015flemlere ek olarak \u00c7ocuk Cerrahisi Anabilim Dal\u0131 taraf\u0131ndan ilk cerrahi operasyon ba\u015far\u0131yla ger\u00e7ekle\u015ftirildi.<br \/>\n<br \/>\u0130\u00e7erisinde 59 ameliyathane, 9 do\u011fum odas\u0131, 8 endoskopi salonu ve 205 eri\u015fkin ve \u00e7ocuk, 8 yenido\u011fan yo\u011fun bak\u0131m odalar\u0131 bulunan, ileri t\u0131p teknolojileri ile donat\u0131l\u0131 dev sa\u011fl\u0131k kompleksi niteli\u011findeki merkezi ameliyathanede cerrahi operasyonlar yap\u0131lmaya ba\u015fland\u0131. Ege \u00dcniversitesi Rekt\u00f6r\u00fc Prof. Dr. Necdet Budak, Rekt\u00f6r Yard\u0131mc\u0131s\u0131 ve T\u0131p Fak\u00fcltesi Dekan\u0131 Prof. Dr. Devrim Bozkurt ile birlikte Merkezi Ameliyathaneyi ziyaret etti.<br \/>\n<br \/>Rekt\u00f6r Prof. Dr. Necdet Budak, operasyonu ger\u00e7ekle\u015ftiren T\u0131p Fak\u00fcltesi \u00c7ocuk Cerrahisi Anabilim Dal\u0131 \u00f6\u011fretim \u00fcyesi Prof. Dr. Orkan Erg\u00fcn\u2019den bilgi ald\u0131. Prof. Dr. Budak, T\u00fcrkiye\u2019nin t\u0131p e\u011fitimi ve klinik ara\u015ft\u0131rmalar ba\u015fta olmak \u00fczere sa\u011fl\u0131k hizmeti sunumunda uluslararas\u0131 referans merkezi olan T\u0131p Fak\u00fcltesi Hastanesinde a\u00e7\u0131l\u0131\u015f\u0131 yap\u0131lan Merkezi Ameliyathanede cerrahi operasyonlar\u0131n yap\u0131lmaya ba\u015flad\u0131\u011f\u0131n\u0131 s\u00f6yledi.<br \/>\n<br \/>Rekt\u00f6r Prof. Dr. Necdet Budak, &#8220;Tam akredite, sa\u011fl\u0131k temal\u0131, ara\u015ft\u0131rma \u00fcniversitemiz b\u00fcnyesinde k\u0131sa s\u00fcre \u00f6nce Merkezi Ameliyathanemizin a\u00e7\u0131l\u0131\u015f\u0131n\u0131 yaparak hizmet sunumuna ba\u015flam\u0131\u015ft\u0131k. \u00dcniversitemizin topluma katk\u0131 misyonu do\u011frultusunda \u00f6zel ehemmiyet g\u00f6sterdi\u011fimiz konular\u0131n ba\u015f\u0131nda sa\u011fl\u0131k hizmetleri geliyor. Ba\u015fta ilimiz ve b\u00f6lgemiz olmak \u00fczere vatanda\u015flar\u0131m\u0131za daha kaliteli sa\u011fl\u0131k hizmeti sunmak hedefi ile T\u0131p Fak\u00fcltesi Hastanemizin altyap\u0131s\u0131n\u0131 ve donan\u0131m\u0131n\u0131 g\u00fcn\u00fcn \u015fartlar\u0131 do\u011frultusunda s\u00fcrekli g\u00fcncelledik ve son teknolojik cihazlarla donatt\u0131k. Bu kapsamda; b\u00fcnyesinde ameliyathaneler, do\u011fum odalar\u0131, endoskopi salonlar\u0131 bulunan modern ameliyathanemizi hizmete a\u00e7arak cerrahi i\u015flemler yap\u0131lmaya ba\u015flad\u0131. Bug\u00fcn nitelikli sa\u011fl\u0131k hizmeti vizyonumuz do\u011frultusunda hayata ge\u00e7irdi\u011fimiz, ileri teknolojiyle donat\u0131lm\u0131\u015f ve b\u00f6lgemizin sa\u011fl\u0131k kapasitesine yeni bir boyut kazand\u0131ran Merkezi Ameliyathanemizi ziyaret ettik. B\u00f6lgemizin en kapsaml\u0131 cerrahi merkezlerinden ve g\u00fc\u00e7l\u00fc bir sa\u011fl\u0131k \u00fcss\u00fc olarak konumlanan yeni merkezimizle; ileri teknolojiyle donat\u0131lm\u0131\u015f altyap\u0131s\u0131, g\u00fc\u00e7l\u00fc ara\u015ft\u0131rma ekosistemi ve uygulamal\u0131 klinik g\u00f6r\u00fcnt\u00fcleme sistemleriyle kesintisiz ve s\u00fcrd\u00fcr\u00fclebilir sa\u011fl\u0131k hizmetleri sunuyoruz. Yenido\u011fandan yeti\u015fkinlere kadar her ya\u015f grubunun ihtiya\u00e7lar\u0131na y\u00f6nelik donan\u0131mla hizmet veren Merkezi Ameliyathanemizde, \u00c7ocuk Cerrahisi Anabilim Dal\u0131m\u0131z ilk cerrahi vakalar\u0131n\u0131 ba\u015far\u0131yla ger\u00e7ekle\u015ftirdi. Eme\u011fi ge\u00e7en sa\u011fl\u0131k ekiplerimize te\u015fekk\u00fcr ediyorum. Ege \u00dcniversitesi olarak yaln\u0131zca akademik ve bilimsel \u00fcretimimizle de\u011fil; sa\u011fl\u0131k temal\u0131 ara\u015ft\u0131rma \u00fcniversitesi kimli\u011fimizle toplumun her kesimine sundu\u011fumuz y\u00fcksek standartl\u0131 sa\u011fl\u0131k hizmetleriyle de \u00f6nc\u00fc konumumuzu kararl\u0131l\u0131kla g\u00fc\u00e7lendirmeye devam ediyoruz&#8221; dedi.<\/p>\n<p>&#8220;Son teknoloji ile \u00e7e\u015fitli sa\u011fl\u0131k hizmetleri sunuluyor&#8221;<br \/>\n<br \/>E\u00dc Rekt\u00f6r Yard\u0131mc\u0131s\u0131 ve T\u0131p Fak\u00fcltesi Dekan\u0131 Prof. Dr. Devrim Bozkurt, &#8220;Ak\u0131ll\u0131 ve ileri t\u0131p teknolojileri ile donan\u0131ml\u0131, modern imk\u00e2nlara sahip yeni Merkezi Ameliyathanemizde hizmet \u00fcretmekten \u00e7ok memnunuz. H\u00e2lihaz\u0131rda operasyonlar\u0131n devam etti\u011fi Merkezi Ameliyathanemizin zemin kat\u0131nda; Preoperatif hasta de\u011ferlendirme \u00fcnitesi aktif olarak hizmet vermektedir. Bu \u00fcnitede, yap\u0131s\u0131 itibari ile cerrahi \u00f6ncesi t\u00fcm tetkik ve kons\u00fcltasyonlar\u0131n tek bir alanda y\u00fcr\u00fct\u00fclmekte ve hastalara konforlu bir sa\u011fl\u0131k hizmeti sunulmaktad\u0131r. Radyoloji Merkezi; direkt r\u00f6ntgen, bilgisayarl\u0131 tomografi, manyetik rezonans g\u00f6r\u00fcnt\u00fcleme ve ultrason hizmetleri de hem operasyon \u00f6ncesi tetkiklerde hem de ana binadaki hasta y\u00fck\u00fcn\u00fc destekler \u015fekilde aktif \u00e7al\u0131\u015fmaktad\u0131r. G\u00fcn\u00fcbirlik ameliyathane odalar\u0131nda aktif olarak g\u00f6z operasyonlar\u0131, \u00e7ocuk cerrahisi operasyonlar\u0131 yap\u0131lmaktad\u0131r. 14 salonlu bu b\u00f6l\u00fcmde di\u011fer bran\u015f operasyonlar\u0131 da en k\u0131sa zamanda ba\u015flat\u0131lacakt\u0131r. \u00c7ok yak\u0131n zamanda eri\u015fkin ve \u00e7ocuk hastalara Bronkoskopi, Endoskopi, Kolonokopi, ERCP ve EUS gibi modern tedavilerin uygulanaca\u011f\u0131 8 salonlu Endoskopi \u00dcnitesi i\u015fler hale gelecektir.  Yine akabinde 9 do\u011fum odas\u0131, 2 sezaryen odas\u0131 ve 8 yatakl\u0131 yenido\u011fan yo\u011fun bak\u0131m \u00fcnitesi olan do\u011fumhane birimi hizmete a\u00e7\u0131lacakt\u0131r&#8221; diye konu\u015ftu.<br \/>\n<br \/>Merkezi Ameliyathanenin yak\u0131n zamanda tam kapasite hizmete ba\u015flayaca\u011f\u0131n\u0131 ifade ede Prof. Dr. Devrim Bozkurt, &#8220;Kaliteli ve konforlu sa\u011fl\u0131k  e\u011fitimi ve hizmeti verebilmemiz i\u00e7in  \u00fcniversitemizin t\u00fcm imkanlar\u0131n\u0131 seferber eden Rekt\u00f6r\u00fcm\u00fcz  Prof. Dr. Necdet Budak\u2019a \u00e7ok te\u015fekk\u00fcr ediyorum&#8221; dedi.<\/p>\n<p>&#8220;Hastam\u0131z\u0131n sa\u011fl\u0131\u011f\u0131 gayet iyi&#8221;<br \/>\n<br \/>Ger\u00e7ekle\u015ftirilen ilk ameliyatla ilgili bilgi veren Ege \u00dcniversitesi T\u0131p Fak\u00fcltesi \u00c7ocuk Cerrahisi Anabilim Dal\u0131 \u00f6\u011fretim \u00fcyesi Prof. Dr. Orkan Erg\u00fcn ise &#8220;Merkezi Ameliyathanemizde ilk operasyonumuzu yapt\u0131k. \u2018Portal Hipertansiyon\u2019 hastas\u0131 bir \u00e7ocu\u011fumuza bir \u015fant revizyonu operasyonunu ba\u015far\u0131 ile ger\u00e7ekle\u015ftirdik. Bu \u00e7ok ender bir durum. Karaci\u011fere giden portal venin tromboze (p\u0131ht\u0131 ile t\u0131kanma) olmas\u0131 sonucu sindirim sisteminde, yemek borusunun alt k\u0131sm\u0131nda ve midede olu\u015fan varisler ile karakterize bir klinik durum. Varislerin kanamas\u0131 ya\u015fam\u0131 tehdit edici olabiliyor. Bu hastalara de\u011fi\u015fik \u015fant ameliyat\u0131 se\u00e7eneklerinden hasta i\u00e7in uygun olan\u0131n\u0131 uygulayarak sindirim sistemindeki bas\u0131nc\u0131 kontrol alt\u0131na al\u0131yoruz. Bu \u00e7ocuk hastam\u0131za daha \u00f6nce sant ameliyat\u0131 yap\u0131lm\u0131\u015ft\u0131. Ya\u015f\u0131na uygun olarak revizyon yapt\u0131k. Hastam\u0131z\u0131n sa\u011fl\u0131\u011f\u0131 gayet iyi&#8221; diye konu\u015ftu.<br \/><\/p>\n","protected":false},"excerpt":{"rendered":"<p>Ege \u00dcniversitesi T\u0131p Fak\u00fcltesi (E\u00dcTF) Hastanesinde k\u0131sa s\u00fcre \u00f6nce a\u00e7\u0131l\u0131\u015f\u0131 yap\u0131lan merkezi ameliyathanede hali haz\u0131rda devam eden g\u00fcn\u00fcbirlik cerrahi i\u015flemlere ek olarak \u00c7ocuk Cerrahisi Anabilim Dal\u0131 taraf\u0131ndan ilk cerrahi operasyon ba\u015far\u0131yla ger\u00e7ekle\u015ftirildi. \u0130\u00e7erisinde 59 ameliyathane, 9 do\u011fum odas\u0131, 8 endoskopi salonu ve 205 eri\u015fkin ve \u00e7ocuk, 8 yenido\u011fan yo\u011fun bak\u0131m odalar\u0131 bulunan, ileri t\u0131p teknolojileri&#8230;<\/p>\n","protected":false},"author":1,"featured_media":49970,"comment_status":"open","ping_status":"open","sticky":false,"template":"","format":"standard","meta":{"_crdt_document":"","footnotes":""},"categories":[2],"tags":[],"class_list":["post-49969","post","type-post","status-publish","format-standard","has-post-thumbnail","hentry","category-saglik"],"_links":{"self":[{"href":"https:\/\/www.egemtv.com\/index.php?rest_route=\/wp\/v2\/posts\/49969","targetHints":{"allow":["GET"]}}],"collection":[{"href":"https:\/\/www.egemtv.com\/index.php?rest_route=\/wp\/v2\/posts"}],"about":[{"href":"https:\/\/www.egemtv.com\/index.php?rest_route=\/wp\/v2\/types\/post"}],"author":[{"embeddable":true,"href":"https:\/\/www.egemtv.com\/index.php?rest_route=\/wp\/v2\/users\/1"}],"replies":[{"embeddable":true,"href":"https:\/\/www.egemtv.com\/index.php?rest_route=%2Fwp%2Fv2%2Fcomments&post=49969"}],"version-history":[{"count":1,"href":"https:\/\/www.egemtv.com\/index.php?rest_route=\/wp\/v2\/posts\/49969\/revisions"}],"predecessor-version":[{"id":49971,"href":"https:\/\/www.egemtv.com\/index.php?rest_route=\/wp\/v2\/posts\/49969\/revisions\/49971"}],"wp:featuredmedia":[{"embeddable":true,"href":"https:\/\/www.egemtv.com\/index.php?rest_route=\/wp\/v2\/media\/49970"}],"wp:attachment":[{"href":"https:\/\/www.egemtv.com\/index.php?rest_route=%2Fwp%2Fv2%2Fmedia&parent=49969"}],"wp:term":[{"taxonomy":"category","embeddable":true,"href":"https:\/\/www.egemtv.com\/index.php?rest_route=%2Fwp%2Fv2%2Fcategories&post=49969"},{"taxonomy":"post_tag","embeddable":true,"href":"https:\/\/www.egemtv.com\/index.php?rest_route=%2Fwp%2Fv2%2Ftags&post=49969"}],"curies":[{"name":"wp","href":"https:\/\/api.w.org\/{rel}","templated":true}]}}