{"id":49966,"date":"2025-08-20T11:35:02","date_gmt":"2025-08-20T08:35:02","guid":{"rendered":"https:\/\/www.egemtv.com\/?p=49966"},"modified":"2025-08-20T11:35:03","modified_gmt":"2025-08-20T08:35:03","slug":"msku-teknofestte-uydu-guvenligi-projesiyle-finalde","status":"publish","type":"post","link":"https:\/\/www.egemtv.com\/?p=49966","title":{"rendered":"MSK\u00dc, Teknofest\u2019te \u2018Uydu G\u00fcvenli\u011fi\u2019 projesiyle finalde"},"content":{"rendered":"<p>Mu\u011fla S\u0131tk\u0131 Ko\u00e7man \u00dcniversitesi (MSK\u00dc) Bilgisayar M\u00fchendisli\u011fi B\u00f6l\u00fcm\u00fc, Teknofest G\u00fcvenli Uydu Haberle\u015fmesi Yar\u0131\u015fmas\u0131\u2019nda \u00dcniversite ve \u00dczeri Kategorisinde &#8220;Kuantum Diren\u00e7li S\u0131f\u0131r Bilgi \u00dcyelik Kan\u0131t\u0131 Tabanl\u0131 Uydu S\u00fcr\u00fcleri G\u00fcvenli\u011fi Protokol\u00fc&#8221; projesi ile ad\u0131n\u0131 finale yazd\u0131rd\u0131.<br \/>\n<br \/>Dan\u0131\u015fmanl\u0131\u011f\u0131n\u0131 \u00d6\u011fretim \u00dcyesi Dr. Enis Karaarslan\u2019\u0131n yapt\u0131\u011f\u0131 projenin ekibinde MSK\u00dc Bilgisayar M\u00fchendisli\u011fi B\u00f6l\u00fcm\u00fc \u00f6\u011frencileri Murat G\u00f6rkem Kahya tak\u0131m lideri, Arda Karahan tak\u0131m \u00fcyesi olarak yer ald\u0131.<br \/>\n<br \/>Proje dan\u0131\u015fman\u0131 Dr. \u00d6\u011fr. \u00dcyesi Enis Karaarslan, &#8220;Siber g\u00fcvenlik ve \u00f6zellikle ileti\u015fim g\u00fcvenli\u011fi \u00e7a\u011f\u0131m\u0131z\u0131n en \u00f6nemli konular\u0131ndan birisi. Drone, \u0130HA ve uydular\u0131n \u00f6zellikle s\u00fcr\u00fc olarak birlikte \u00e7al\u0131\u015ft\u0131\u011f\u0131nda aralar\u0131ndaki ileti\u015fiminde g\u00fcvenli\u011fi sa\u011flamak ulusal g\u00fcvenli\u011fimiz i\u00e7in kritik \u00f6nem ta\u015f\u0131yor. \u00c7al\u0131\u015fmalar\u0131m\u0131za MSK\u00dc DTCS Laboratuvar\u0131nda devam ediyoruz. \u00d6\u011frencimiz Murat G\u00f6rkem Kahya\u2019n\u0131n proje fikri g\u00fcvenli uydu ileti\u015fimi alan\u0131nda fark olu\u015fturmay\u0131 ama\u00e7l\u0131yor. Bunu merkeziyetsiz ve g\u00fcvenilir bir \u015fekilde ger\u00e7ekle\u015ftirmeyi hedefliyoruz. \u00d6\u011frencilerimiz \u00fcniversitemizi en iyi \u015fekilde temsil ediyorlar.&#8221; dedi.<br \/>\n<br \/>Proje hakk\u0131nda<br \/>\n<br \/>Proje; &#8220;k\u00fcresel sivil ve askeri ileti\u015fimin temelini olu\u015fturan uydulara y\u00f6nelik kuantum bilgisayar ve kuantum sald\u0131r\u0131 vekt\u00f6rleri&#8221; tehdidine etkili bir \u00e7\u00f6z\u00fcm olmak amac\u0131yla geli\u015ftirildi. Bu proje, gelecekteki g\u00fc\u00e7l\u00fc kuantum bilgisayarlar\u0131n bile k\u0131ramayaca\u011f\u0131 \u015fifreleme y\u00f6ntemleriyle, uydu gruplar\u0131n\u0131n g\u00fcvenli\u011fini sa\u011fl\u0131yor. Uydular bu projedeki \u00e7\u00f6z\u00fcmle; merkezi bir otoriteye ihtiya\u00e7 duymadan, birbirlerine kimliklerini kan\u0131tlayabiliyor ve s\u00fcr\u00fcye ait olduklar\u0131n\u0131 g\u00fcvenle ispat edebiliyor. Ayr\u0131ca, bir uydu ele ge\u00e7irilse veya ileti\u015fimi dinlense bile, kritik bilgiler korunuyor ve sald\u0131rganlar \u00f6nemli verilere ula\u015fam\u0131yor. B\u00f6ylece, otonom uydu a\u011flar\u0131 daha g\u00fcvenli ve merkeziyetsiz bir \u015fekilde \u00e7al\u0131\u015fabiliyor. Proje Teknofest G\u00fcvenli Uydu Haberle\u015fmesi Yar\u0131\u015fmas\u0131 \u00dcniversite ve \u00dczeri Kategorisi yar\u0131\u015fmas\u0131nda; \u00f6nceki a\u015famalar\u0131 ba\u015far\u0131yla ge\u00e7erek finale kald\u0131. Bu proje, \u0130stanbul\u2019da d\u00fczenlenecek Teknofest etkinli\u011finde MSK\u00dc\u2019y\u00fc temsil edecek ve derece i\u00e7in yar\u0131\u015facak.<br \/><\/p>\n","protected":false},"excerpt":{"rendered":"<p>Mu\u011fla S\u0131tk\u0131 Ko\u00e7man \u00dcniversitesi (MSK\u00dc) Bilgisayar M\u00fchendisli\u011fi B\u00f6l\u00fcm\u00fc, Teknofest G\u00fcvenli Uydu Haberle\u015fmesi Yar\u0131\u015fmas\u0131\u2019nda \u00dcniversite ve \u00dczeri Kategorisinde &#8220;Kuantum Diren\u00e7li S\u0131f\u0131r Bilgi \u00dcyelik Kan\u0131t\u0131 Tabanl\u0131 Uydu S\u00fcr\u00fcleri G\u00fcvenli\u011fi Protokol\u00fc&#8221; projesi ile ad\u0131n\u0131 finale yazd\u0131rd\u0131. Dan\u0131\u015fmanl\u0131\u011f\u0131n\u0131 \u00d6\u011fretim \u00dcyesi Dr. Enis Karaarslan\u2019\u0131n yapt\u0131\u011f\u0131 projenin ekibinde MSK\u00dc Bilgisayar M\u00fchendisli\u011fi B\u00f6l\u00fcm\u00fc \u00f6\u011frencileri Murat G\u00f6rkem Kahya tak\u0131m lideri, Arda Karahan tak\u0131m&#8230;<\/p>\n","protected":false},"author":1,"featured_media":49967,"comment_status":"open","ping_status":"open","sticky":false,"template":"","format":"standard","meta":{"_crdt_document":"","footnotes":""},"categories":[124],"tags":[],"class_list":["post-49966","post","type-post","status-publish","format-standard","has-post-thumbnail","hentry","category-bilim"],"_links":{"self":[{"href":"https:\/\/www.egemtv.com\/index.php?rest_route=\/wp\/v2\/posts\/49966","targetHints":{"allow":["GET"]}}],"collection":[{"href":"https:\/\/www.egemtv.com\/index.php?rest_route=\/wp\/v2\/posts"}],"about":[{"href":"https:\/\/www.egemtv.com\/index.php?rest_route=\/wp\/v2\/types\/post"}],"author":[{"embeddable":true,"href":"https:\/\/www.egemtv.com\/index.php?rest_route=\/wp\/v2\/users\/1"}],"replies":[{"embeddable":true,"href":"https:\/\/www.egemtv.com\/index.php?rest_route=%2Fwp%2Fv2%2Fcomments&post=49966"}],"version-history":[{"count":1,"href":"https:\/\/www.egemtv.com\/index.php?rest_route=\/wp\/v2\/posts\/49966\/revisions"}],"predecessor-version":[{"id":49968,"href":"https:\/\/www.egemtv.com\/index.php?rest_route=\/wp\/v2\/posts\/49966\/revisions\/49968"}],"wp:featuredmedia":[{"embeddable":true,"href":"https:\/\/www.egemtv.com\/index.php?rest_route=\/wp\/v2\/media\/49967"}],"wp:attachment":[{"href":"https:\/\/www.egemtv.com\/index.php?rest_route=%2Fwp%2Fv2%2Fmedia&parent=49966"}],"wp:term":[{"taxonomy":"category","embeddable":true,"href":"https:\/\/www.egemtv.com\/index.php?rest_route=%2Fwp%2Fv2%2Fcategories&post=49966"},{"taxonomy":"post_tag","embeddable":true,"href":"https:\/\/www.egemtv.com\/index.php?rest_route=%2Fwp%2Fv2%2Ftags&post=49966"}],"curies":[{"name":"wp","href":"https:\/\/api.w.org\/{rel}","templated":true}]}}