{"id":49963,"date":"2025-08-20T11:14:48","date_gmt":"2025-08-20T08:14:48","guid":{"rendered":"https:\/\/www.egemtv.com\/?p=49963"},"modified":"2025-08-20T11:14:48","modified_gmt":"2025-08-20T08:14:48","slug":"izmirde-46-duzensiz-gocmen-yakalandi-16-gocmen-kurtarildi","status":"publish","type":"post","link":"https:\/\/www.egemtv.com\/?p=49963","title":{"rendered":"\u0130zmir\u2019de 46 d\u00fczensiz g\u00f6\u00e7men yakaland\u0131, 16 g\u00f6\u00e7men kurtar\u0131ld\u0131"},"content":{"rendered":"<p>\u0130zmir\u2019in Seferihisar ve Fo\u00e7a il\u00e7eleri a\u00e7\u0131klar\u0131nda Sahil G\u00fcvenlik Komutanl\u0131\u011f\u0131 ekiplerince d\u00fczenlenen operasyonlarda 46 d\u00fczensiz g\u00f6\u00e7men yakalan\u0131rken, motor ar\u0131zas\u0131 nedeniyle denizde s\u00fcr\u00fcklenen fiber teknedeki 16 d\u00fczensiz g\u00f6\u00e7men de kurtar\u0131ld\u0131.<br \/>\n<br \/>18 A\u011fustos g\u00fcn\u00fc saat 05.40\u2019ta Sahil G\u00fcvenlik insans\u0131z hava arac\u0131 taraf\u0131ndan Seferihisar il\u00e7esi a\u00e7\u0131klar\u0131nda lastik bot i\u00e7erisinde bir grup d\u00fczensiz g\u00f6\u00e7men tespit edildi. B\u00f6lgeye y\u00f6nlendirilen Sahil G\u00fcvenlik Botu (TCSG-24) taraf\u0131ndan durdurulan lastik bot i\u00e7erisindeki 14\u2019\u00fc \u00e7ocuk 28 d\u00fczensiz g\u00f6\u00e7men yakaland\u0131. Ayn\u0131 g\u00fcn saat 20.00\u2019de Seferihisar\u2019da g\u00f6revli Sahil G\u00fcvenlik Mobil Radar\u0131 (MORAD-9) taraf\u0131ndan kara \u00fczerinde tespit edilen 12\u2019si \u00e7ocuk 18 d\u00fczensiz g\u00f6\u00e7men ekiplerce yakaland\u0131.<br \/>\n<br \/>Fo\u00e7a il\u00e7esi a\u00e7\u0131klar\u0131nda ise saat 13.35 s\u0131ralar\u0131nda i\u00e7erisinde d\u00fczensiz g\u00f6\u00e7menlerin bulundu\u011fu fiber teknenin motor ar\u0131zas\u0131 nedeniyle s\u00fcr\u00fcklendi\u011fi ve yard\u0131m talebinde bulunuldu\u011fu bilgisi \u00fczerine Sahil G\u00fcvenlik Gemi (TCSG-107) b\u00f6lgeye sevk edildi. Sahil G\u00fcvenlik ekipleri, fiber tekne i\u00e7erisindeki 2\u2019si \u00e7ocuk 16 d\u00fczensiz g\u00f6\u00e7meni kurtard\u0131.<br \/>\n<br \/>Yakalanan d\u00fczensiz g\u00f6\u00e7menler i\u015flemlerinin ard\u0131ndan \u0130l G\u00f6\u00e7 \u0130daresi M\u00fcd\u00fcrl\u00fc\u011f\u00fc\u2019ne teslim edildi.<br \/><\/p>\n","protected":false},"excerpt":{"rendered":"<p>\u0130zmir\u2019in Seferihisar ve Fo\u00e7a il\u00e7eleri a\u00e7\u0131klar\u0131nda Sahil G\u00fcvenlik Komutanl\u0131\u011f\u0131 ekiplerince d\u00fczenlenen operasyonlarda 46 d\u00fczensiz g\u00f6\u00e7men yakalan\u0131rken, motor ar\u0131zas\u0131 nedeniyle denizde s\u00fcr\u00fcklenen fiber teknedeki 16 d\u00fczensiz g\u00f6\u00e7men de kurtar\u0131ld\u0131. 18 A\u011fustos g\u00fcn\u00fc saat 05.40\u2019ta Sahil G\u00fcvenlik insans\u0131z hava arac\u0131 taraf\u0131ndan Seferihisar il\u00e7esi a\u00e7\u0131klar\u0131nda lastik bot i\u00e7erisinde bir grup d\u00fczensiz g\u00f6\u00e7men tespit edildi. B\u00f6lgeye y\u00f6nlendirilen Sahil G\u00fcvenlik&#8230;<\/p>\n","protected":false},"author":1,"featured_media":49964,"comment_status":"open","ping_status":"open","sticky":false,"template":"","format":"standard","meta":{"_crdt_document":"","footnotes":""},"categories":[5],"tags":[],"class_list":["post-49963","post","type-post","status-publish","format-standard","has-post-thumbnail","hentry","category-asayis"],"_links":{"self":[{"href":"https:\/\/www.egemtv.com\/index.php?rest_route=\/wp\/v2\/posts\/49963","targetHints":{"allow":["GET"]}}],"collection":[{"href":"https:\/\/www.egemtv.com\/index.php?rest_route=\/wp\/v2\/posts"}],"about":[{"href":"https:\/\/www.egemtv.com\/index.php?rest_route=\/wp\/v2\/types\/post"}],"author":[{"embeddable":true,"href":"https:\/\/www.egemtv.com\/index.php?rest_route=\/wp\/v2\/users\/1"}],"replies":[{"embeddable":true,"href":"https:\/\/www.egemtv.com\/index.php?rest_route=%2Fwp%2Fv2%2Fcomments&post=49963"}],"version-history":[{"count":1,"href":"https:\/\/www.egemtv.com\/index.php?rest_route=\/wp\/v2\/posts\/49963\/revisions"}],"predecessor-version":[{"id":49965,"href":"https:\/\/www.egemtv.com\/index.php?rest_route=\/wp\/v2\/posts\/49963\/revisions\/49965"}],"wp:featuredmedia":[{"embeddable":true,"href":"https:\/\/www.egemtv.com\/index.php?rest_route=\/wp\/v2\/media\/49964"}],"wp:attachment":[{"href":"https:\/\/www.egemtv.com\/index.php?rest_route=%2Fwp%2Fv2%2Fmedia&parent=49963"}],"wp:term":[{"taxonomy":"category","embeddable":true,"href":"https:\/\/www.egemtv.com\/index.php?rest_route=%2Fwp%2Fv2%2Fcategories&post=49963"},{"taxonomy":"post_tag","embeddable":true,"href":"https:\/\/www.egemtv.com\/index.php?rest_route=%2Fwp%2Fv2%2Ftags&post=49963"}],"curies":[{"name":"wp","href":"https:\/\/api.w.org\/{rel}","templated":true}]}}