{"id":49960,"date":"2025-08-20T11:14:47","date_gmt":"2025-08-20T08:14:47","guid":{"rendered":"https:\/\/www.egemtv.com\/?p=49960"},"modified":"2025-08-20T11:14:48","modified_gmt":"2025-08-20T08:14:48","slug":"ormana-sicrayan-yangin-sonduruldu","status":"publish","type":"post","link":"https:\/\/www.egemtv.com\/?p=49960","title":{"rendered":"Ormana s\u0131\u00e7rayan yang\u0131n s\u00f6nd\u00fcr\u00fcld\u00fc"},"content":{"rendered":"<p>Mu\u011fla\u2019n\u0131n Ortaca il\u00e7esinde sabah saatlerinde seyir halindeki ara\u00e7ta ba\u015flayan ve ormana s\u0131\u00e7rayan yang\u0131n ekiplerin m\u00fcdahalesi ile tamamen s\u00f6nd\u00fcr\u00fcld\u00fc.<br \/>\n<br \/>Ortaca Atakent Mahallesi yak\u0131nlar\u0131nda seyir halinde olan 48 MA 7231 plakal\u0131 ara\u00e7 seyir halinde iken \u00f6n taraf\u0131ndan dumanlar y\u00fckselmeye ba\u015flad\u0131. 112 Acil \u00c7a\u011fr\u0131 Merkezine yap\u0131lan ihbar sonras\u0131 b\u00f6lgeye Orman b\u00f6lge M\u00fcd\u00fcrl\u00fc\u011f\u00fc Araz\u00f6z ve Mu\u011fla B\u00fcy\u00fck\u015fehir Belediyesi itfaiye ekipleri sevk edildi.<br \/>\n<br \/>Yanan ara\u00e7tan \u00e7\u0131kan k\u0131v\u0131lc\u0131mlar ormana s\u0131\u00e7ramas\u0131 sonras\u0131 ekipler hem ormanl\u0131k alanda hem de ara\u00e7ta s\u00f6nd\u00fcrme \u00e7al\u0131\u015fmas\u0131 ba\u015flatt\u0131. Ekiplerin m\u00fcdahalesi ile k\u0131sa s\u00fcrede kontrol alt\u0131na al\u0131nan ormanl\u0131k alandaki yang\u0131n s\u00f6nd\u00fcr\u00fclmesinin ard\u0131ndan so\u011futma \u00e7al\u0131\u015fmas\u0131 yap\u0131ld\u0131.<br \/>\n<br \/>Yanan ormanl\u0131k alan\u0131n yak\u0131n\u0131nda bulunan yazl\u0131k siteler ekiplerin zaman\u0131nda m\u00fcdahalesi ile yanmaktan kurtar\u0131ld\u0131. Yang\u0131n\u0131n ba\u015flad\u0131\u011f\u0131 ara\u00e7 ise kullan\u0131lmaz hale geldi.<br \/><\/p>\n","protected":false},"excerpt":{"rendered":"<p>Mu\u011fla\u2019n\u0131n Ortaca il\u00e7esinde sabah saatlerinde seyir halindeki ara\u00e7ta ba\u015flayan ve ormana s\u0131\u00e7rayan yang\u0131n ekiplerin m\u00fcdahalesi ile tamamen s\u00f6nd\u00fcr\u00fcld\u00fc. Ortaca Atakent Mahallesi yak\u0131nlar\u0131nda seyir halinde olan 48 MA 7231 plakal\u0131 ara\u00e7 seyir halinde iken \u00f6n taraf\u0131ndan dumanlar y\u00fckselmeye ba\u015flad\u0131. 112 Acil \u00c7a\u011fr\u0131 Merkezine yap\u0131lan ihbar sonras\u0131 b\u00f6lgeye Orman b\u00f6lge M\u00fcd\u00fcrl\u00fc\u011f\u00fc Araz\u00f6z ve Mu\u011fla B\u00fcy\u00fck\u015fehir Belediyesi itfaiye&#8230;<\/p>\n","protected":false},"author":1,"featured_media":49961,"comment_status":"open","ping_status":"open","sticky":false,"template":"","format":"standard","meta":{"_crdt_document":"","footnotes":""},"categories":[5],"tags":[],"class_list":["post-49960","post","type-post","status-publish","format-standard","has-post-thumbnail","hentry","category-asayis"],"_links":{"self":[{"href":"https:\/\/www.egemtv.com\/index.php?rest_route=\/wp\/v2\/posts\/49960","targetHints":{"allow":["GET"]}}],"collection":[{"href":"https:\/\/www.egemtv.com\/index.php?rest_route=\/wp\/v2\/posts"}],"about":[{"href":"https:\/\/www.egemtv.com\/index.php?rest_route=\/wp\/v2\/types\/post"}],"author":[{"embeddable":true,"href":"https:\/\/www.egemtv.com\/index.php?rest_route=\/wp\/v2\/users\/1"}],"replies":[{"embeddable":true,"href":"https:\/\/www.egemtv.com\/index.php?rest_route=%2Fwp%2Fv2%2Fcomments&post=49960"}],"version-history":[{"count":1,"href":"https:\/\/www.egemtv.com\/index.php?rest_route=\/wp\/v2\/posts\/49960\/revisions"}],"predecessor-version":[{"id":49962,"href":"https:\/\/www.egemtv.com\/index.php?rest_route=\/wp\/v2\/posts\/49960\/revisions\/49962"}],"wp:featuredmedia":[{"embeddable":true,"href":"https:\/\/www.egemtv.com\/index.php?rest_route=\/wp\/v2\/media\/49961"}],"wp:attachment":[{"href":"https:\/\/www.egemtv.com\/index.php?rest_route=%2Fwp%2Fv2%2Fmedia&parent=49960"}],"wp:term":[{"taxonomy":"category","embeddable":true,"href":"https:\/\/www.egemtv.com\/index.php?rest_route=%2Fwp%2Fv2%2Fcategories&post=49960"},{"taxonomy":"post_tag","embeddable":true,"href":"https:\/\/www.egemtv.com\/index.php?rest_route=%2Fwp%2Fv2%2Ftags&post=49960"}],"curies":[{"name":"wp","href":"https:\/\/api.w.org\/{rel}","templated":true}]}}