{"id":49870,"date":"2025-08-19T16:35:04","date_gmt":"2025-08-19T13:35:04","guid":{"rendered":"https:\/\/www.egemtv.com\/?p=49870"},"modified":"2025-08-19T16:35:04","modified_gmt":"2025-08-19T13:35:04","slug":"milli-egitim-bakani-yusuf-tekin-bu-yilki-mufredatta-aile-doga-ve-orman-sevgisini-isleyecegiz","status":"publish","type":"post","link":"https:\/\/www.egemtv.com\/?p=49870","title":{"rendered":"Milli E\u011fitim Bakan\u0131 Yusuf Tekin: &#8220;Bu y\u0131lki m\u00fcfredatta aile, do\u011fa ve orman sevgisini i\u015fleyece\u011fiz&#8221;"},"content":{"rendered":"<p>Baz\u0131 ziyaret ve programlara kat\u0131lmak \u00fczere K\u00fctahya\u2019ya gelen Milli E\u011fitim Bakan\u0131 Yusuf Tekin, bu y\u0131lki m\u00fcfredatta yer alacak aile, do\u011fa ve orman konular\u0131nda a\u00e7\u0131klamalarda bulundu.<br \/>\n<br \/>Kat\u0131ld\u0131\u011f\u0131 e\u011fitim de\u011ferlendirme toplant\u0131s\u0131 sonras\u0131 gazetecilere bir araya gelen Milli E\u011fitim Bakan\u0131 Yusuf Tekin, &#8220;\u00c7ocuklar\u0131m\u0131z\u0131n aile kavram\u0131na sahip \u00e7\u0131kmas\u0131 ve bu toplumu bir arada tutan ana referans\u0131n aile oldu\u011funun fark\u0131na varmas\u0131 i\u00e7in biz de Milli E\u011fitim Bakanl\u0131\u011f\u0131 olarak \u00fcst\u00fcm\u00fcze d\u00fc\u015feni yapaca\u011f\u0131z. Di\u011fer bir \u00f6nemli konu da \u00e7ocuklar\u0131m\u0131z\u0131n do\u011faya sayg\u0131, do\u011fay\u0131 koruma \u00e7er\u00e7evesinde ormanlara sahip \u00e7\u0131kmas\u0131n\u0131 da in\u015fallah program\u0131m\u0131z\u0131n i\u00e7erisinde, y\u0131l i\u00e7erisinde de\u011ferlendirece\u011fiz&#8221; dedi.<br \/>\n<br \/>Bakan Tekin\u2019in bas\u0131n toplant\u0131s\u0131na K\u00fctahya Valisi Musa I\u015f\u0131n, AK Parti K\u00fctahya Milletvekilleri Adil Bi\u00e7er, \u0130smail \u00c7a\u011flar Bay\u0131rc\u0131, AK Parti \u0130l Ba\u015fkan\u0131 Ceyda \u00c7etin Erenler ve \u0130l Milli E\u011fitim M\u00fcd\u00fcr\u00fc Mustafa Y\u0131lmaz kat\u0131ld\u0131.<br \/><\/p>\n","protected":false},"excerpt":{"rendered":"<p>Baz\u0131 ziyaret ve programlara kat\u0131lmak \u00fczere K\u00fctahya\u2019ya gelen Milli E\u011fitim Bakan\u0131 Yusuf Tekin, bu y\u0131lki m\u00fcfredatta yer alacak aile, do\u011fa ve orman konular\u0131nda a\u00e7\u0131klamalarda bulundu. Kat\u0131ld\u0131\u011f\u0131 e\u011fitim de\u011ferlendirme toplant\u0131s\u0131 sonras\u0131 gazetecilere bir araya gelen Milli E\u011fitim Bakan\u0131 Yusuf Tekin, &#8220;\u00c7ocuklar\u0131m\u0131z\u0131n aile kavram\u0131na sahip \u00e7\u0131kmas\u0131 ve bu toplumu bir arada tutan ana referans\u0131n aile oldu\u011funun fark\u0131na&#8230;<\/p>\n","protected":false},"author":1,"featured_media":49871,"comment_status":"open","ping_status":"open","sticky":false,"template":"","format":"standard","meta":{"_crdt_document":"","footnotes":""},"categories":[1],"tags":[],"class_list":["post-49870","post","type-post","status-publish","format-standard","has-post-thumbnail","hentry","category-guncel"],"_links":{"self":[{"href":"https:\/\/www.egemtv.com\/index.php?rest_route=\/wp\/v2\/posts\/49870","targetHints":{"allow":["GET"]}}],"collection":[{"href":"https:\/\/www.egemtv.com\/index.php?rest_route=\/wp\/v2\/posts"}],"about":[{"href":"https:\/\/www.egemtv.com\/index.php?rest_route=\/wp\/v2\/types\/post"}],"author":[{"embeddable":true,"href":"https:\/\/www.egemtv.com\/index.php?rest_route=\/wp\/v2\/users\/1"}],"replies":[{"embeddable":true,"href":"https:\/\/www.egemtv.com\/index.php?rest_route=%2Fwp%2Fv2%2Fcomments&post=49870"}],"version-history":[{"count":1,"href":"https:\/\/www.egemtv.com\/index.php?rest_route=\/wp\/v2\/posts\/49870\/revisions"}],"predecessor-version":[{"id":49872,"href":"https:\/\/www.egemtv.com\/index.php?rest_route=\/wp\/v2\/posts\/49870\/revisions\/49872"}],"wp:featuredmedia":[{"embeddable":true,"href":"https:\/\/www.egemtv.com\/index.php?rest_route=\/wp\/v2\/media\/49871"}],"wp:attachment":[{"href":"https:\/\/www.egemtv.com\/index.php?rest_route=%2Fwp%2Fv2%2Fmedia&parent=49870"}],"wp:term":[{"taxonomy":"category","embeddable":true,"href":"https:\/\/www.egemtv.com\/index.php?rest_route=%2Fwp%2Fv2%2Fcategories&post=49870"},{"taxonomy":"post_tag","embeddable":true,"href":"https:\/\/www.egemtv.com\/index.php?rest_route=%2Fwp%2Fv2%2Ftags&post=49870"}],"curies":[{"name":"wp","href":"https:\/\/api.w.org\/{rel}","templated":true}]}}