{"id":49867,"date":"2025-08-19T16:35:02","date_gmt":"2025-08-19T13:35:02","guid":{"rendered":"https:\/\/www.egemtv.com\/?p=49867"},"modified":"2025-08-19T16:35:03","modified_gmt":"2025-08-19T13:35:03","slug":"gencler-muglanin-gelecegine-yon-verecek","status":"publish","type":"post","link":"https:\/\/www.egemtv.com\/?p=49867","title":{"rendered":"Gen\u00e7ler Mu\u011fla\u2019n\u0131n gelece\u011fine y\u00f6n verecek"},"content":{"rendered":"<p>Gen\u00e7lerin sesi art\u0131k B\u00fcy\u00fck\u015fehir\u2019de daha g\u00fcr \u00e7\u0131kacak. Mu\u011fla Gen\u00e7lik Meclisi kuruldu. Mu\u011fla B\u00fcy\u00fck\u015fehir Belediyesi, gen\u00e7lerin kent y\u00f6netimine demokratik kat\u0131l\u0131m\u0131n\u0131 sa\u011flamak amac\u0131yla \u00f6nemli bir ad\u0131m att\u0131.<br \/>\n<br \/>Mu\u011fla B\u00fcy\u00fck\u015fehir Belediyesi, 12 Haziran 2025 tarihli B\u00fcy\u00fck\u015fehir Meclisi karar\u0131yla kurulan Mu\u011fla Gen\u00e7lik Meclisi, ayn\u0131 g\u00fcn kabul edilen y\u00f6netmelikle resmen hayata ge\u00e7ti.<br \/>\n<br \/>Gen\u00e7lerin kat\u0131l\u0131m\u0131yla daha g\u00fc\u00e7l\u00fc bir Mu\u011fla<br \/>\n<br \/>Mu\u011fla Gen\u00e7lik Meclisi; gen\u00e7lerin k\u00fclt\u00fcr, sanat, spor, bilim, teknoloji, \u00e7evre ve toplumsal konularda aktif rol almas\u0131n\u0131 hedefliyor. Meclis; g\u00f6n\u00fcll\u00fcl\u00fck, \u015feffafl\u0131k, kamu yarar\u0131 ve kad\u0131n-erkek e\u015fitli\u011fi ilkeleriyle \u00e7al\u0131\u015facak. Kentin gen\u00e7lik odakl\u0131 sorunlar\u0131na \u00e7\u00f6z\u00fcmler geli\u015ftirecek, Yerel Gen\u00e7lik Eylem Planlar\u0131 haz\u0131rlayacak ve belediyeye \u00f6neriler sunacak. T\u00fcm kararlar, kamuoyunun eri\u015fimine a\u00e7\u0131k \u015fekilde belediyenin web sitesinde (https:\/\/www.mugla.bel.tr\/)  yay\u0131mlanacak.<br \/>\n<br \/>Gen\u00e7lik Meclisi nas\u0131l \u0130\u015fleyecek?<br \/>\n<br \/>70 \u00fcyeden olu\u015facak Gen\u00e7lik Meclisinde kontenjanlar\u0131n y\u00fczde 40\u2019\u0131 \u00f6\u011frencilerden, y\u00fczde 20\u2019si gen\u00e7lik STK\u2019lar\u0131ndan, y\u00fczde 10\u2019u kamu kurumlar\u0131n\u0131n temsilcilerinden, y\u00fczde 30\u2019u ise Mu\u011fla\u2019da ya\u015fayan di\u011fer gen\u00e7lerden se\u00e7ilecek. \u00dcyelikler 1 y\u0131l s\u00fcreyle ge\u00e7erli olacak.<br \/>\n<br \/>Meclis, en ge\u00e7 iki ayda bir toplanacak. Toplant\u0131lar halka ve bas\u0131na a\u00e7\u0131k olacak, g\u00fcndemler \u00f6nceden hem \u00fcyelere bildirilecek hem de belediye web sitesinde duyurulacak. \u00c7al\u0131\u015fmalar; E\u011fitim, Gen\u00e7lik ve Spor, K\u00fclt\u00fcr-Sanat, \u00c7evre ve \u0130klim De\u011fi\u015fikli\u011fi, Bilim-Teknoloji gibi \u00e7al\u0131\u015fma gruplar\u0131 \u00fczerinden y\u00fcr\u00fct\u00fclecek.<br \/>\n<br \/>Gen\u00e7lik Meclisi\u2019ne ba\u015fvurular nereden yap\u0131l\u0131r?<br \/>\n<br \/>Mu\u011fla il s\u0131n\u0131rlar\u0131nda ya\u015fayan 15-30 ya\u015f aras\u0131 t\u00fcm gen\u00e7ler Gen\u00e7lik Meclisi\u2019ne ba\u015fvuru yapabilecek. Ba\u015fvurular, Mu\u011fla B\u00fcy\u00fck\u015fehir Belediyesi\u2019nin www.mugla.bel.tr adresinde yer alan online form \u00fczerinden al\u0131nacak. Adaylardan \u00f6\u011frenci belgesi veya ikamet belgesi, kimlik fotokopisi, sab\u0131ka kayd\u0131 ve foto\u011fraf istenecek.<br \/>\n<br \/>\u0130lk genel kurul yolda<br \/>\n<br \/>Ekim 2025\u2019te yap\u0131lacak ilk Ola\u011fan Genel Kurul\u2019a kadar Meclis Ba\u015fkan\u0131 ve Y\u00f6netim Kurulu \u00fcyeleri ge\u00e7ici olarak B\u00fcy\u00fck\u015fehir Belediye Ba\u015fkan\u0131 taraf\u0131ndan atanacak. Ard\u0131ndan y\u00f6netim, gen\u00e7lerin kat\u0131l\u0131m\u0131yla se\u00e7ilecek ve Meclis tamamen kendi dinamikleriyle \u00e7al\u0131\u015fmaya ba\u015flayacak.<br \/>\n<br \/>Ba\u015fkan Aras: &#8220;Gen\u00e7lerin enerjisi mu\u011fla\u2019m\u0131z\u0131 ileri ta\u015f\u0131yacak&#8221;<br \/>\n<br \/>Mu\u011fla B\u00fcy\u00fck\u015fehir Belediye Ba\u015fkan\u0131 Ahmet Aras, gen\u00e7lere seslenerek \u015funlar\u0131 s\u00f6yledi: &#8220;Gen\u00e7lerimizin enerjisi, fikirleri ve hayalleriyle Mu\u011fla\u2019y\u0131 daha ileriye ta\u015f\u0131yaca\u011f\u0131m\u0131za inan\u0131yorum. Gen\u00e7lik Meclisi, sadece bir temsil organ\u0131 de\u011fil; ayn\u0131 zamanda gelece\u011fimizi birlikte tasarlayaca\u011f\u0131m\u0131z bir ortak ak\u0131l platformu olacak. T\u00fcm gen\u00e7lerimizi bu s\u00fcrece kat\u0131lmaya davet ediyorum&#8221;<br \/><\/p>\n","protected":false},"excerpt":{"rendered":"<p>Gen\u00e7lerin sesi art\u0131k B\u00fcy\u00fck\u015fehir\u2019de daha g\u00fcr \u00e7\u0131kacak. Mu\u011fla Gen\u00e7lik Meclisi kuruldu. Mu\u011fla B\u00fcy\u00fck\u015fehir Belediyesi, gen\u00e7lerin kent y\u00f6netimine demokratik kat\u0131l\u0131m\u0131n\u0131 sa\u011flamak amac\u0131yla \u00f6nemli bir ad\u0131m att\u0131. Mu\u011fla B\u00fcy\u00fck\u015fehir Belediyesi, 12 Haziran 2025 tarihli B\u00fcy\u00fck\u015fehir Meclisi karar\u0131yla kurulan Mu\u011fla Gen\u00e7lik Meclisi, ayn\u0131 g\u00fcn kabul edilen y\u00f6netmelikle resmen hayata ge\u00e7ti. Gen\u00e7lerin kat\u0131l\u0131m\u0131yla daha g\u00fc\u00e7l\u00fc bir Mu\u011fla Mu\u011fla Gen\u00e7lik&#8230;<\/p>\n","protected":false},"author":1,"featured_media":49868,"comment_status":"open","ping_status":"open","sticky":false,"template":"","format":"standard","meta":{"_crdt_document":"","footnotes":""},"categories":[123],"tags":[],"class_list":["post-49867","post","type-post","status-publish","format-standard","has-post-thumbnail","hentry","category-gundem"],"_links":{"self":[{"href":"https:\/\/www.egemtv.com\/index.php?rest_route=\/wp\/v2\/posts\/49867","targetHints":{"allow":["GET"]}}],"collection":[{"href":"https:\/\/www.egemtv.com\/index.php?rest_route=\/wp\/v2\/posts"}],"about":[{"href":"https:\/\/www.egemtv.com\/index.php?rest_route=\/wp\/v2\/types\/post"}],"author":[{"embeddable":true,"href":"https:\/\/www.egemtv.com\/index.php?rest_route=\/wp\/v2\/users\/1"}],"replies":[{"embeddable":true,"href":"https:\/\/www.egemtv.com\/index.php?rest_route=%2Fwp%2Fv2%2Fcomments&post=49867"}],"version-history":[{"count":1,"href":"https:\/\/www.egemtv.com\/index.php?rest_route=\/wp\/v2\/posts\/49867\/revisions"}],"predecessor-version":[{"id":49869,"href":"https:\/\/www.egemtv.com\/index.php?rest_route=\/wp\/v2\/posts\/49867\/revisions\/49869"}],"wp:featuredmedia":[{"embeddable":true,"href":"https:\/\/www.egemtv.com\/index.php?rest_route=\/wp\/v2\/media\/49868"}],"wp:attachment":[{"href":"https:\/\/www.egemtv.com\/index.php?rest_route=%2Fwp%2Fv2%2Fmedia&parent=49867"}],"wp:term":[{"taxonomy":"category","embeddable":true,"href":"https:\/\/www.egemtv.com\/index.php?rest_route=%2Fwp%2Fv2%2Fcategories&post=49867"},{"taxonomy":"post_tag","embeddable":true,"href":"https:\/\/www.egemtv.com\/index.php?rest_route=%2Fwp%2Fv2%2Ftags&post=49867"}],"curies":[{"name":"wp","href":"https:\/\/api.w.org\/{rel}","templated":true}]}}