{"id":49864,"date":"2025-08-19T16:14:57","date_gmt":"2025-08-19T13:14:57","guid":{"rendered":"https:\/\/www.egemtv.com\/?p=49864"},"modified":"2025-08-19T16:14:58","modified_gmt":"2025-08-19T13:14:58","slug":"denizlide-2-bin-litre-kacak-alkol-ele-gecirildi","status":"publish","type":"post","link":"https:\/\/www.egemtv.com\/?p=49864","title":{"rendered":"Denizli\u2019de 2 bin litre ka\u00e7ak alkol ele ge\u00e7irildi"},"content":{"rendered":"<p>Denizli \u0130l Emniyet M\u00fcd\u00fcrl\u00fc\u011f\u00fc ekipleri taraf\u0131ndan d\u00fczenlenen operasyonda 3 \u015f\u00fcpheli \u015fah\u0131s tutuland\u0131. \u015e\u00fcphelilerin adreslerinde yap\u0131lan incelemelerde 2 bin 240 litre etil alkol ele ge\u00e7irildi.<\/p>\n<p>Denizli \u0130l Emniyet M\u00fcd\u00fcrl\u00fc\u011f\u00fc Ka\u00e7ak\u00e7\u0131l\u0131k ve Organize Su\u00e7larla M\u00fccadele \u015eube M\u00fcd\u00fcrl\u00fc\u011f\u00fc ekipleri taraf\u0131ndan ka\u00e7ak sahte alkoll\u00fc i\u00e7ki \u00fcretimi ve sat\u0131\u015f\u0131n\u0131 engellemek amac\u0131yla yap\u0131lan \u00e7al\u0131\u015fmalar kapsam\u0131nda 3 \u015f\u00fcpheli \u015fah\u0131s\u0131n adreslerine operasyon d\u00fczenlendi. Yap\u0131lan operasyonda 3 \u015f\u00fcpheli \u015fah\u0131s g\u00f6zalt\u0131na al\u0131n\u0131rken adreslerinde yap\u0131lan aramada ka\u00e7ak alkol yap\u0131m\u0131nda kullanmak amac\u0131yla stoklanm\u0131\u015f 2 bin 240 litre etil alkol ele ge\u00e7irildi.<\/p>\n<p>Tutuklanan 3 \u015f\u00fcpheli \u015fah\u0131s hakk\u0131nda 5607 say\u0131l\u0131 Ka\u00e7ak\u00e7\u0131l\u0131kla M\u00fccadele Kanuna muhalefet su\u00e7undan adli i\u015flem ba\u015flat\u0131ld\u0131.<br \/><\/p>\n","protected":false},"excerpt":{"rendered":"<p>Denizli \u0130l Emniyet M\u00fcd\u00fcrl\u00fc\u011f\u00fc ekipleri taraf\u0131ndan d\u00fczenlenen operasyonda 3 \u015f\u00fcpheli \u015fah\u0131s tutuland\u0131. \u015e\u00fcphelilerin adreslerinde yap\u0131lan incelemelerde 2 bin 240 litre etil alkol ele ge\u00e7irildi. Denizli \u0130l Emniyet M\u00fcd\u00fcrl\u00fc\u011f\u00fc Ka\u00e7ak\u00e7\u0131l\u0131k ve Organize Su\u00e7larla M\u00fccadele \u015eube M\u00fcd\u00fcrl\u00fc\u011f\u00fc ekipleri taraf\u0131ndan ka\u00e7ak sahte alkoll\u00fc i\u00e7ki \u00fcretimi ve sat\u0131\u015f\u0131n\u0131 engellemek amac\u0131yla yap\u0131lan \u00e7al\u0131\u015fmalar kapsam\u0131nda 3 \u015f\u00fcpheli \u015fah\u0131s\u0131n adreslerine operasyon d\u00fczenlendi&#8230;.<\/p>\n","protected":false},"author":1,"featured_media":49865,"comment_status":"open","ping_status":"open","sticky":false,"template":"","format":"standard","meta":{"_crdt_document":"","footnotes":""},"categories":[5],"tags":[],"class_list":["post-49864","post","type-post","status-publish","format-standard","has-post-thumbnail","hentry","category-asayis"],"_links":{"self":[{"href":"https:\/\/www.egemtv.com\/index.php?rest_route=\/wp\/v2\/posts\/49864","targetHints":{"allow":["GET"]}}],"collection":[{"href":"https:\/\/www.egemtv.com\/index.php?rest_route=\/wp\/v2\/posts"}],"about":[{"href":"https:\/\/www.egemtv.com\/index.php?rest_route=\/wp\/v2\/types\/post"}],"author":[{"embeddable":true,"href":"https:\/\/www.egemtv.com\/index.php?rest_route=\/wp\/v2\/users\/1"}],"replies":[{"embeddable":true,"href":"https:\/\/www.egemtv.com\/index.php?rest_route=%2Fwp%2Fv2%2Fcomments&post=49864"}],"version-history":[{"count":1,"href":"https:\/\/www.egemtv.com\/index.php?rest_route=\/wp\/v2\/posts\/49864\/revisions"}],"predecessor-version":[{"id":49866,"href":"https:\/\/www.egemtv.com\/index.php?rest_route=\/wp\/v2\/posts\/49864\/revisions\/49866"}],"wp:featuredmedia":[{"embeddable":true,"href":"https:\/\/www.egemtv.com\/index.php?rest_route=\/wp\/v2\/media\/49865"}],"wp:attachment":[{"href":"https:\/\/www.egemtv.com\/index.php?rest_route=%2Fwp%2Fv2%2Fmedia&parent=49864"}],"wp:term":[{"taxonomy":"category","embeddable":true,"href":"https:\/\/www.egemtv.com\/index.php?rest_route=%2Fwp%2Fv2%2Fcategories&post=49864"},{"taxonomy":"post_tag","embeddable":true,"href":"https:\/\/www.egemtv.com\/index.php?rest_route=%2Fwp%2Fv2%2Ftags&post=49864"}],"curies":[{"name":"wp","href":"https:\/\/api.w.org\/{rel}","templated":true}]}}