{"id":49861,"date":"2025-08-19T16:14:56","date_gmt":"2025-08-19T13:14:56","guid":{"rendered":"https:\/\/www.egemtv.com\/?p=49861"},"modified":"2025-08-19T16:14:57","modified_gmt":"2025-08-19T13:14:57","slug":"fethiye-beskaza-yerleskesine-kiz-yurdu","status":"publish","type":"post","link":"https:\/\/www.egemtv.com\/?p=49861","title":{"rendered":"Fethiye Be\u015fkaza yerle\u015fkesine k\u0131z yurdu"},"content":{"rendered":"<p>MSK\u00dc ile Mu\u011flal\u0131 hay\u0131rsever Meral-Nail \u015eal aras\u0131nda Fethiye Be\u015fkaza Yerle\u015fkesi i\u00e7erisinde yap\u0131lmas\u0131 planlanan \u2018\u015eal K\u0131z Yurdu\u2019 i\u00e7in ba\u011f\u0131\u015f s\u00f6zle\u015fmesi imzaland\u0131. Mu\u011fla S\u0131tk\u0131 Ko\u00e7man \u00dcniversitesi (MSK\u00dc) Fethiye Be\u015fkaza Yerle\u015fkesine, Mu\u011flal\u0131 hay\u0131rsever Meral-Nail \u015eal\u2019\u0131n destekleriyle K\u0131z \u00d6\u011frenci Yurdu yap\u0131lacak.<br \/>\n<br \/>\u2018\u015eal K\u0131z Yurdu\u2019 olarak belirlenen yurdun in\u015fas\u0131 i\u00e7in ba\u011f\u0131\u015f s\u00f6zle\u015fmesi, Fethiye \u0130\u015fletme Fak\u00fcltesi\u2019nde MSK\u00dc Rekt\u00f6r\u00fc Prof. Dr. Turhan Ka\u00e7ar ile \u015eal ailesi aras\u0131nda imzaland\u0131. \u0130mza t\u00f6reninde Rekt\u00f6r Yard\u0131mc\u0131s\u0131 Prof. Dr. Mustafa G\u00f6k\u00e7e, Fethiye \u0130\u015fletme Fak\u00fcltesi Dekan\u0131 Prof. Dr. \u0130lknur Koca, Fethiye Sa\u011fl\u0131k Bilimleri Fak\u00fcltesi Dekan\u0131 Prof. Dr. Ali S\u00fcl\u00fcn, Fethiye Ziraat Fak\u00fcltesi Dekan\u0131 Prof. Dr. \u015eaban Kordal\u0131, \u00f6\u011fretim \u00fcyeleri ve \u015eal ailesi haz\u0131r bulundu.<br \/>\n<br \/>Fethiye\u2019de bulunan ba\u015far\u0131l\u0131 k\u0131z \u00f6\u011frencilerin kullan\u0131m\u0131 i\u00e7in yap\u0131lacak olan yurt, 40 ki\u015filik olacak. Ayn\u0131 zamanda k\u00fct\u00fcphane ile sosyal alanlar\u0131 da bulunacak. Yap\u0131m\u0131na ise 2025 y\u0131l\u0131nda ba\u015flanmas\u0131 planlan\u0131yor. E\u011fitime \u00f6nem verdiklerini dile getiren \u015eal ailesi, \u00f6\u011frencilere her zaman destek olacaklar\u0131n\u0131 belirterek, &#8220;Fethiye\u2019de okuyacak olan \u00f6\u011frencilerimize hay\u0131rl\u0131 olsun&#8221; dedi.<br \/>\n<br \/>Mu\u011fla\u2019ya hay\u0131rl\u0131 olmas\u0131n\u0131 dileyen MSK\u00dc Rekt\u00f6r\u00fc Prof. Dr. Turhan Ka\u00e7ar, ba\u011f\u0131\u015flar\u0131ndan dolay\u0131 \u015eal ailesine te\u015fekk\u00fcr ederek, e\u011fitime \u00f6nem veren hay\u0131rseverlerin artmas\u0131n\u0131 temenni etti.<br \/><\/p>\n","protected":false},"excerpt":{"rendered":"<p>MSK\u00dc ile Mu\u011flal\u0131 hay\u0131rsever Meral-Nail \u015eal aras\u0131nda Fethiye Be\u015fkaza Yerle\u015fkesi i\u00e7erisinde yap\u0131lmas\u0131 planlanan \u2018\u015eal K\u0131z Yurdu\u2019 i\u00e7in ba\u011f\u0131\u015f s\u00f6zle\u015fmesi imzaland\u0131. Mu\u011fla S\u0131tk\u0131 Ko\u00e7man \u00dcniversitesi (MSK\u00dc) Fethiye Be\u015fkaza Yerle\u015fkesine, Mu\u011flal\u0131 hay\u0131rsever Meral-Nail \u015eal\u2019\u0131n destekleriyle K\u0131z \u00d6\u011frenci Yurdu yap\u0131lacak. \u2018\u015eal K\u0131z Yurdu\u2019 olarak belirlenen yurdun in\u015fas\u0131 i\u00e7in ba\u011f\u0131\u015f s\u00f6zle\u015fmesi, Fethiye \u0130\u015fletme Fak\u00fcltesi\u2019nde MSK\u00dc Rekt\u00f6r\u00fc Prof. Dr. Turhan&#8230;<\/p>\n","protected":false},"author":1,"featured_media":49862,"comment_status":"open","ping_status":"open","sticky":false,"template":"","format":"standard","meta":{"_crdt_document":"","footnotes":""},"categories":[1],"tags":[],"class_list":["post-49861","post","type-post","status-publish","format-standard","has-post-thumbnail","hentry","category-guncel"],"_links":{"self":[{"href":"https:\/\/www.egemtv.com\/index.php?rest_route=\/wp\/v2\/posts\/49861","targetHints":{"allow":["GET"]}}],"collection":[{"href":"https:\/\/www.egemtv.com\/index.php?rest_route=\/wp\/v2\/posts"}],"about":[{"href":"https:\/\/www.egemtv.com\/index.php?rest_route=\/wp\/v2\/types\/post"}],"author":[{"embeddable":true,"href":"https:\/\/www.egemtv.com\/index.php?rest_route=\/wp\/v2\/users\/1"}],"replies":[{"embeddable":true,"href":"https:\/\/www.egemtv.com\/index.php?rest_route=%2Fwp%2Fv2%2Fcomments&post=49861"}],"version-history":[{"count":1,"href":"https:\/\/www.egemtv.com\/index.php?rest_route=\/wp\/v2\/posts\/49861\/revisions"}],"predecessor-version":[{"id":49863,"href":"https:\/\/www.egemtv.com\/index.php?rest_route=\/wp\/v2\/posts\/49861\/revisions\/49863"}],"wp:featuredmedia":[{"embeddable":true,"href":"https:\/\/www.egemtv.com\/index.php?rest_route=\/wp\/v2\/media\/49862"}],"wp:attachment":[{"href":"https:\/\/www.egemtv.com\/index.php?rest_route=%2Fwp%2Fv2%2Fmedia&parent=49861"}],"wp:term":[{"taxonomy":"category","embeddable":true,"href":"https:\/\/www.egemtv.com\/index.php?rest_route=%2Fwp%2Fv2%2Fcategories&post=49861"},{"taxonomy":"post_tag","embeddable":true,"href":"https:\/\/www.egemtv.com\/index.php?rest_route=%2Fwp%2Fv2%2Ftags&post=49861"}],"curies":[{"name":"wp","href":"https:\/\/api.w.org\/{rel}","templated":true}]}}