{"id":49855,"date":"2025-08-19T16:14:54","date_gmt":"2025-08-19T13:14:54","guid":{"rendered":"https:\/\/www.egemtv.com\/?p=49855"},"modified":"2025-08-19T16:14:55","modified_gmt":"2025-08-19T13:14:55","slug":"kugiadin-yeni-baskani-aras-oztas-oldu","status":"publish","type":"post","link":"https:\/\/www.egemtv.com\/?p=49855","title":{"rendered":"KUG\u0130AD\u2019\u0131n yeni Ba\u015fkan\u0131 Aras \u00d6zta\u015f oldu"},"content":{"rendered":"<p>Ku\u015fadas\u0131 Gen\u00e7 \u0130\u015f \u0130nsanlar\u0131 Derne\u011fi\u2019nin (KUG\u0130AD) yap\u0131lan genel kurulunda Aras \u00d6zta\u015f ba\u015fkanl\u0131\u011fa se\u00e7ildi.<br \/>\n<br \/>Ku\u015fadas\u0131 Belediye Ba\u015fkan\u0131 \u00d6mer G\u00fcnel\u2019in de kurucu \u00fcyesi oldu\u011fu, KUG\u0130AD\u2019\u0131n genel kurulu kentteki 5 y\u0131ld\u0131zl\u0131 bir otelde yap\u0131ld\u0131. Genel Kurulda, KUG\u0130AD\u2019\u0131n 11\u2019inci d\u00f6nem ba\u015fkanl\u0131\u011f\u0131na oy birli\u011fi ile Aras \u00d6zta\u015f se\u00e7ildi. Aras \u00d6zta\u015f a\u00e7\u0131klamas\u0131nda, &#8220;Yeni d\u00f6nemin hay\u0131rl\u0131 olmas\u0131n\u0131 diliyor, t\u00fcm y\u00f6netim kurulu \u00fcyelerimize ba\u015far\u0131lar temenni ediyorum. 10\u2019uncu d\u00f6nem Ba\u015fkan\u0131m\u0131z Ha\u015fmet Bo\u011fal\u0131\u2019ya ve eski y\u00f6netim kurulumuza da derne\u011fimize katt\u0131klar\u0131 de\u011ferli emekleri i\u00e7in sonsuz \u015f\u00fckranlar\u0131m\u0131z\u0131 sunar\u0131z&#8221; diye konu\u015ftu.<br \/>\n<br \/>KUG\u0130AD\u2019\u0131n yeni y\u00f6netim kurulu \u015fu isimlerden olu\u015ftu: Ba\u015fkan: Aras \u00d6zta\u015f, Ba\u015fkan Yard\u0131mc\u0131s\u0131 \u00d6zlem Sabanc\u0131 Ermutlu ve Rena \u00c7ukurova, Genel Sekreter Damla Kurt Erzadeo\u011flu, Sayman \u00d6zen\u00e7 Kayal\u0131, Koordinat\u00f6r \u0130smail Enver T\u00fct\u00fcnc\u00fc<br \/><\/p>\n","protected":false},"excerpt":{"rendered":"<p>Ku\u015fadas\u0131 Gen\u00e7 \u0130\u015f \u0130nsanlar\u0131 Derne\u011fi\u2019nin (KUG\u0130AD) yap\u0131lan genel kurulunda Aras \u00d6zta\u015f ba\u015fkanl\u0131\u011fa se\u00e7ildi. Ku\u015fadas\u0131 Belediye Ba\u015fkan\u0131 \u00d6mer G\u00fcnel\u2019in de kurucu \u00fcyesi oldu\u011fu, KUG\u0130AD\u2019\u0131n genel kurulu kentteki 5 y\u0131ld\u0131zl\u0131 bir otelde yap\u0131ld\u0131. Genel Kurulda, KUG\u0130AD\u2019\u0131n 11\u2019inci d\u00f6nem ba\u015fkanl\u0131\u011f\u0131na oy birli\u011fi ile Aras \u00d6zta\u015f se\u00e7ildi. Aras \u00d6zta\u015f a\u00e7\u0131klamas\u0131nda, &#8220;Yeni d\u00f6nemin hay\u0131rl\u0131 olmas\u0131n\u0131 diliyor, t\u00fcm y\u00f6netim kurulu \u00fcyelerimize&#8230;<\/p>\n","protected":false},"author":1,"featured_media":49856,"comment_status":"open","ping_status":"open","sticky":false,"template":"","format":"standard","meta":{"_crdt_document":"","footnotes":""},"categories":[125],"tags":[],"class_list":["post-49855","post","type-post","status-publish","format-standard","has-post-thumbnail","hentry","category-ekonomi"],"_links":{"self":[{"href":"https:\/\/www.egemtv.com\/index.php?rest_route=\/wp\/v2\/posts\/49855","targetHints":{"allow":["GET"]}}],"collection":[{"href":"https:\/\/www.egemtv.com\/index.php?rest_route=\/wp\/v2\/posts"}],"about":[{"href":"https:\/\/www.egemtv.com\/index.php?rest_route=\/wp\/v2\/types\/post"}],"author":[{"embeddable":true,"href":"https:\/\/www.egemtv.com\/index.php?rest_route=\/wp\/v2\/users\/1"}],"replies":[{"embeddable":true,"href":"https:\/\/www.egemtv.com\/index.php?rest_route=%2Fwp%2Fv2%2Fcomments&post=49855"}],"version-history":[{"count":1,"href":"https:\/\/www.egemtv.com\/index.php?rest_route=\/wp\/v2\/posts\/49855\/revisions"}],"predecessor-version":[{"id":49857,"href":"https:\/\/www.egemtv.com\/index.php?rest_route=\/wp\/v2\/posts\/49855\/revisions\/49857"}],"wp:featuredmedia":[{"embeddable":true,"href":"https:\/\/www.egemtv.com\/index.php?rest_route=\/wp\/v2\/media\/49856"}],"wp:attachment":[{"href":"https:\/\/www.egemtv.com\/index.php?rest_route=%2Fwp%2Fv2%2Fmedia&parent=49855"}],"wp:term":[{"taxonomy":"category","embeddable":true,"href":"https:\/\/www.egemtv.com\/index.php?rest_route=%2Fwp%2Fv2%2Fcategories&post=49855"},{"taxonomy":"post_tag","embeddable":true,"href":"https:\/\/www.egemtv.com\/index.php?rest_route=%2Fwp%2Fv2%2Ftags&post=49855"}],"curies":[{"name":"wp","href":"https:\/\/api.w.org\/{rel}","templated":true}]}}