{"id":49849,"date":"2025-08-19T15:34:53","date_gmt":"2025-08-19T12:34:53","guid":{"rendered":"https:\/\/www.egemtv.com\/?p=49849"},"modified":"2025-08-19T15:34:54","modified_gmt":"2025-08-19T12:34:54","slug":"marmaris-hisaronunde-cikan-yangin-kisa-surede-sonduruldu","status":"publish","type":"post","link":"https:\/\/www.egemtv.com\/?p=49849","title":{"rendered":"Marmaris Hisar\u00f6n\u00fc\u2019nde \u00e7\u0131kan yang\u0131n k\u0131sa s\u00fcrede s\u00f6nd\u00fcr\u00fcld\u00fc"},"content":{"rendered":"<p>Marmaris\u2019e ba\u011fl\u0131 Hisar\u00f6n\u00fc Mahallesi\u2019nde \u00f6\u011fle saatlerinde ba\u015flayan zirai alan yang\u0131n\u0131, b\u00f6lgede n\u00f6bet tutan ekiplerin h\u0131zl\u0131 m\u00fcdahalesi ve vatanda\u015flar\u0131n deste\u011fiyle b\u00fcy\u00fcmeden kontrol alt\u0131na al\u0131nd\u0131.<br \/>\n<br \/>Saat 14.50 s\u0131ralar\u0131nda ziraat alan\u0131ndan y\u00fckselen duman\u0131 fark eden Marmaris Orman \u0130\u015fletme M\u00fcd\u00fcrl\u00fc\u011f\u00fc ekipleri, \u00e7evredeki vatanda\u015flarla birlikte alevlere hemen m\u00fcdahale etti. B\u00f6lgedeki r\u00fczgar\u0131n \u015fiddetli olmamas\u0131, yang\u0131n\u0131n k\u0131sa s\u00fcrede kontrol alt\u0131na al\u0131nmas\u0131na yard\u0131mc\u0131 oldu.<br \/>\n<br \/>Havadan ve karadan orman ekiplerinin m\u00fcdahale etti\u011fi yang\u0131nda mahalle sakinleri, ellerine ald\u0131klar\u0131 su bidonlar\u0131 ve bah\u00e7e hortumlar\u0131yla ekiplere destek oldu. Yang\u0131n \u00e7evrede korku ve endi\u015feye neden oldu.<br \/>\n<br \/>Yang\u0131n\u0131n \u00e7\u0131k\u0131\u015f nedeni ara\u015ft\u0131r\u0131l\u0131rken, su deposu dinamosundan \u00e7\u0131kt\u0131\u011f\u0131n\u0131 belirten yetkililer soru\u015fturma ba\u015flatt\u0131.<br \/><\/p>\n","protected":false},"excerpt":{"rendered":"<p>Marmaris\u2019e ba\u011fl\u0131 Hisar\u00f6n\u00fc Mahallesi\u2019nde \u00f6\u011fle saatlerinde ba\u015flayan zirai alan yang\u0131n\u0131, b\u00f6lgede n\u00f6bet tutan ekiplerin h\u0131zl\u0131 m\u00fcdahalesi ve vatanda\u015flar\u0131n deste\u011fiyle b\u00fcy\u00fcmeden kontrol alt\u0131na al\u0131nd\u0131. Saat 14.50 s\u0131ralar\u0131nda ziraat alan\u0131ndan y\u00fckselen duman\u0131 fark eden Marmaris Orman \u0130\u015fletme M\u00fcd\u00fcrl\u00fc\u011f\u00fc ekipleri, \u00e7evredeki vatanda\u015flarla birlikte alevlere hemen m\u00fcdahale etti. B\u00f6lgedeki r\u00fczgar\u0131n \u015fiddetli olmamas\u0131, yang\u0131n\u0131n k\u0131sa s\u00fcrede kontrol alt\u0131na al\u0131nmas\u0131na yard\u0131mc\u0131&#8230;<\/p>\n","protected":false},"author":1,"featured_media":49850,"comment_status":"open","ping_status":"open","sticky":false,"template":"","format":"standard","meta":{"_crdt_document":"","footnotes":""},"categories":[5],"tags":[],"class_list":["post-49849","post","type-post","status-publish","format-standard","has-post-thumbnail","hentry","category-asayis"],"_links":{"self":[{"href":"https:\/\/www.egemtv.com\/index.php?rest_route=\/wp\/v2\/posts\/49849","targetHints":{"allow":["GET"]}}],"collection":[{"href":"https:\/\/www.egemtv.com\/index.php?rest_route=\/wp\/v2\/posts"}],"about":[{"href":"https:\/\/www.egemtv.com\/index.php?rest_route=\/wp\/v2\/types\/post"}],"author":[{"embeddable":true,"href":"https:\/\/www.egemtv.com\/index.php?rest_route=\/wp\/v2\/users\/1"}],"replies":[{"embeddable":true,"href":"https:\/\/www.egemtv.com\/index.php?rest_route=%2Fwp%2Fv2%2Fcomments&post=49849"}],"version-history":[{"count":1,"href":"https:\/\/www.egemtv.com\/index.php?rest_route=\/wp\/v2\/posts\/49849\/revisions"}],"predecessor-version":[{"id":49851,"href":"https:\/\/www.egemtv.com\/index.php?rest_route=\/wp\/v2\/posts\/49849\/revisions\/49851"}],"wp:featuredmedia":[{"embeddable":true,"href":"https:\/\/www.egemtv.com\/index.php?rest_route=\/wp\/v2\/media\/49850"}],"wp:attachment":[{"href":"https:\/\/www.egemtv.com\/index.php?rest_route=%2Fwp%2Fv2%2Fmedia&parent=49849"}],"wp:term":[{"taxonomy":"category","embeddable":true,"href":"https:\/\/www.egemtv.com\/index.php?rest_route=%2Fwp%2Fv2%2Fcategories&post=49849"},{"taxonomy":"post_tag","embeddable":true,"href":"https:\/\/www.egemtv.com\/index.php?rest_route=%2Fwp%2Fv2%2Ftags&post=49849"}],"curies":[{"name":"wp","href":"https:\/\/api.w.org\/{rel}","templated":true}]}}