{"id":49846,"date":"2025-08-19T15:34:52","date_gmt":"2025-08-19T12:34:52","guid":{"rendered":"https:\/\/www.egemtv.com\/?p=49846"},"modified":"2025-08-19T15:34:53","modified_gmt":"2025-08-19T12:34:53","slug":"bodrum-tatilcilerin-yine-goz-bebegi","status":"publish","type":"post","link":"https:\/\/www.egemtv.com\/?p=49846","title":{"rendered":"Bodrum tatilcilerin yine g\u00f6z bebe\u011fi"},"content":{"rendered":"<p>Turizmin g\u00f6zbebe\u011fi Bodrum\u2019da A\u011fustos ay\u0131 oteller y\u00fcksek doluluk oranlar\u0131n\u0131 yakalamas\u0131 turizmcinin y\u00fcz\u00fcn\u00fc g\u00fcld\u00fcrd\u00fc.<br \/>\n<br \/>Bodrum\u2019da A\u011fustos ay\u0131ndaki turist bereketi Eyl\u00fcl ay\u0131nda da ayn\u0131 hareketlili\u011fi bekleyen turizmciler 2026 y\u0131l\u0131ndan da umutlu. Bodrum\u2019da turizm sezonunun yo\u011fun ge\u00e7ti\u011fini belirten Azka Otel Y\u00f6netim Kurulu Ba\u015fkan\u0131 B\u00fclent Kaya, 2026 y\u0131l\u0131 i\u00e7in \u015fimdiden rezervasyonlar\u0131n ba\u015flad\u0131\u011f\u0131n\u0131 s\u00f6yledi. Kaya, koylardaki tekne yo\u011funlu\u011funa da dikkat \u00e7ekerek, &#8220;Denetimler art\u0131r\u0131lmal\u0131, denizlerimizi korumal\u0131y\u0131z&#8221; dedi.<br \/>\n<br \/>Bodrum\u2019un 2025 sezonunu aratmayaca\u011f\u0131n\u0131 belirten Kaya, &#8220;\u0130\u015fletme olarak herhangi bir s\u0131k\u0131nt\u0131 ya\u015famad\u0131k. Sezon olduk\u00e7a yo\u011fun ge\u00e7ti ve ayn\u0131 \u015fekilde devam ediyor. Eyl\u00fcl\u2019\u00fcn ikinci ve \u00fc\u00e7\u00fcnc\u00fc haftas\u0131na kadar tempomuz s\u00fcrecek. 2026 sezonu i\u00e7in acentelerle anla\u015fmalar yap\u0131ld\u0131, rezervasyonlar erkenden geliyor. Misafirlerimizin b\u00fcy\u00fck bir k\u0131sm\u0131 da zaten her y\u0131l bizi tercih edenler&#8221; ifadelerini kulland\u0131.<\/p>\n<p>&#8220;Tekne trafi\u011fi denetlenmeli&#8221;<br \/>\n<br \/>Bodrum koylar\u0131ndaki tekne yo\u011funlu\u011funa dikkat \u00e7eken Kaya, &#8220;Marina \u00fccretleriyle ilgili \u015fikayetler var. Ancak 3-4 hafta boyunca hareket etmeyen tekneler de mevcut. Bu teknelerin sintine sular\u0131, kirli sular\u0131 veya at\u0131klar\u0131 nereye bo\u015faltt\u0131\u011f\u0131 ciddi bir sorun. Denizlerimizi ve koylar\u0131m\u0131z\u0131 korumak i\u00e7in daha s\u0131k\u0131 denetim yap\u0131lmas\u0131 \u015fart&#8221; diye konu\u015ftu.<\/p>\n<p>&#8220;M\u00fc\u015fteri memnuniyeti \u00f6nceli\u011fimiz&#8221;<br \/>\n<br \/>Otel i\u015fletmecili\u011finde m\u00fc\u015fteri memnuniyetini \u00f6ne ald\u0131klar\u0131n\u0131 belirten Kaya, &#8220;Misafirlerimize e\u011flence istediklerinde \u00e7e\u015fitli etkinlikler sunuyoruz. Her ak\u015fam canl\u0131 konserler d\u00fczenliyoruz. M\u00fc\u015fterilerimiz mutlu, bizler de mutluyuz. Onlar\u0131n huzurlu ve keyifli bir \u015fekilde ayr\u0131lmas\u0131 Bodrum i\u00e7in de b\u00fcy\u00fck bir avantaj&#8221; dedi.<\/p>\n<p>&#8220;Bodrum 12 ay turizm yapmal\u0131&#8221;<br \/>\n<br \/>Turizmin sadece yaz aylar\u0131yla s\u0131n\u0131rl\u0131 kalmamas\u0131 gerekti\u011fini vurgulayan Kaya, &#8220;Bodrum art\u0131k sadece turistik bir b\u00f6lge olarak an\u0131lmamal\u0131. Kentle\u015fen bir \u015fehir haline geldi. Bizim gibi 12 ay a\u00e7\u0131k olan i\u015fletmeler i\u00e7in \u00e7\u00f6z\u00fcmler \u00fcretilmeli. K\u0131\u015f\u0131n da turizm alanlar\u0131n\u0131n a\u00e7\u0131lmas\u0131 gerekiyor. Bu konuda \u00e7al\u0131\u015fmalar yap\u0131yoruz ve destek veriyoruz&#8221; ifadelerini kulland\u0131.<\/p>\n<p>&#8220;\u0130kamet \u00e7a\u011fr\u0131s\u0131&#8221;<br \/>\n<br \/>Bodrum\u2019da k\u0131\u015f aylar\u0131nda ciddi bir n\u00fcfus ya\u015fad\u0131\u011f\u0131n\u0131 ancak resmi kay\u0131tlarda bunun g\u00f6r\u00fclmedi\u011fini s\u00f6yleyen Kaya, &#8220;A\u00e7\u0131lan ev say\u0131s\u0131 ile ikamet eden ki\u015fi say\u0131s\u0131 birbirini tutmuyor. Belediyelerin daha etkin hizmet verebilmesi i\u00e7in burada ya\u015fayanlar\u0131n ikametlerini Bodrum\u2019a almalar\u0131 gerekiyor. Bu durum hem belediyeler hem de esnaf i\u00e7in \u00e7ok \u00f6nemli. Buradan \u00e7a\u011fr\u0131 yap\u0131yorum.  Bodrum\u2019da ya\u015fayanlar ikametlerini mutlaka buraya ta\u015f\u0131mal\u0131&#8221; dedi.<br \/><\/p>\n","protected":false},"excerpt":{"rendered":"<p>Turizmin g\u00f6zbebe\u011fi Bodrum\u2019da A\u011fustos ay\u0131 oteller y\u00fcksek doluluk oranlar\u0131n\u0131 yakalamas\u0131 turizmcinin y\u00fcz\u00fcn\u00fc g\u00fcld\u00fcrd\u00fc. Bodrum\u2019da A\u011fustos ay\u0131ndaki turist bereketi Eyl\u00fcl ay\u0131nda da ayn\u0131 hareketlili\u011fi bekleyen turizmciler 2026 y\u0131l\u0131ndan da umutlu. Bodrum\u2019da turizm sezonunun yo\u011fun ge\u00e7ti\u011fini belirten Azka Otel Y\u00f6netim Kurulu Ba\u015fkan\u0131 B\u00fclent Kaya, 2026 y\u0131l\u0131 i\u00e7in \u015fimdiden rezervasyonlar\u0131n ba\u015flad\u0131\u011f\u0131n\u0131 s\u00f6yledi. Kaya, koylardaki tekne yo\u011funlu\u011funa da dikkat&#8230;<\/p>\n","protected":false},"author":1,"featured_media":49847,"comment_status":"open","ping_status":"open","sticky":false,"template":"","format":"standard","meta":{"_crdt_document":"","footnotes":""},"categories":[125],"tags":[],"class_list":["post-49846","post","type-post","status-publish","format-standard","has-post-thumbnail","hentry","category-ekonomi"],"_links":{"self":[{"href":"https:\/\/www.egemtv.com\/index.php?rest_route=\/wp\/v2\/posts\/49846","targetHints":{"allow":["GET"]}}],"collection":[{"href":"https:\/\/www.egemtv.com\/index.php?rest_route=\/wp\/v2\/posts"}],"about":[{"href":"https:\/\/www.egemtv.com\/index.php?rest_route=\/wp\/v2\/types\/post"}],"author":[{"embeddable":true,"href":"https:\/\/www.egemtv.com\/index.php?rest_route=\/wp\/v2\/users\/1"}],"replies":[{"embeddable":true,"href":"https:\/\/www.egemtv.com\/index.php?rest_route=%2Fwp%2Fv2%2Fcomments&post=49846"}],"version-history":[{"count":1,"href":"https:\/\/www.egemtv.com\/index.php?rest_route=\/wp\/v2\/posts\/49846\/revisions"}],"predecessor-version":[{"id":49848,"href":"https:\/\/www.egemtv.com\/index.php?rest_route=\/wp\/v2\/posts\/49846\/revisions\/49848"}],"wp:featuredmedia":[{"embeddable":true,"href":"https:\/\/www.egemtv.com\/index.php?rest_route=\/wp\/v2\/media\/49847"}],"wp:attachment":[{"href":"https:\/\/www.egemtv.com\/index.php?rest_route=%2Fwp%2Fv2%2Fmedia&parent=49846"}],"wp:term":[{"taxonomy":"category","embeddable":true,"href":"https:\/\/www.egemtv.com\/index.php?rest_route=%2Fwp%2Fv2%2Fcategories&post=49846"},{"taxonomy":"post_tag","embeddable":true,"href":"https:\/\/www.egemtv.com\/index.php?rest_route=%2Fwp%2Fv2%2Ftags&post=49846"}],"curies":[{"name":"wp","href":"https:\/\/api.w.org\/{rel}","templated":true}]}}