{"id":49843,"date":"2025-08-19T15:34:51","date_gmt":"2025-08-19T12:34:51","guid":{"rendered":"https:\/\/www.egemtv.com\/?p=49843"},"modified":"2025-08-19T15:34:52","modified_gmt":"2025-08-19T12:34:52","slug":"yukumlulerden-egitime-katki-okullar-temizleniyor-ve-boyaniyor","status":"publish","type":"post","link":"https:\/\/www.egemtv.com\/?p=49843","title":{"rendered":"Y\u00fck\u00fcml\u00fclerden e\u011fitime katk\u0131: Okullar temizleniyor ve boyan\u0131yor"},"content":{"rendered":"<p>Kar\u015f\u0131yaka\u2019da denetimli serbestlikten yararlanan y\u00fck\u00fcml\u00fcler, 2025-2026 e\u011fitim y\u0131l\u0131 \u00f6ncesinde 13 okulda temizlik ve bak\u0131m \u00e7al\u0131\u015fmas\u0131 yapt\u0131. \u00c7al\u0131\u015fmalar hem \u00f6\u011frencilerin hijyenik s\u0131n\u0131flarda e\u011fitim g\u00f6rmesini hem de y\u00fck\u00fcml\u00fclerin topluma yeniden kazand\u0131r\u0131lmas\u0131n\u0131 ama\u00e7l\u0131yor.<\/p>\n<p>Adalet Bakanl\u0131\u011f\u0131 Kar\u015f\u0131yaka Denetimli Serbestlik M\u00fcd\u00fcrl\u00fc\u011f\u00fc\u2019n\u00fcn denetim ve takibi alt\u0131nda bulunan y\u00fck\u00fcml\u00fcler taraf\u0131ndan, \u2019Kamu Yarar\u0131na \u00dccretsiz \u00c7al\u0131\u015fma Y\u00fck\u00fcml\u00fcl\u00fc\u011f\u00fc\u2019 kapsam\u0131nda 2025-2026 e\u011fitim-\u00f6\u011fretim y\u0131l\u0131na haz\u0131rl\u0131k amac\u0131yla Kar\u015f\u0131yaka \u0130l\u00e7e Milli E\u011fitim M\u00fcd\u00fcrl\u00fc\u011f\u00fc\u2019ne ba\u011fl\u0131 toplam 13 okulda temizlik, boya ve bak\u0131m-onar\u0131m \u00e7al\u0131\u015fmalar\u0131 ger\u00e7ekle\u015ftirildi. Y\u00fck\u00fcml\u00fclerin yeniden su\u00e7 i\u015flemelerini \u00f6nlemek, toplumsal ba\u011flar\u0131n\u0131 g\u00fc\u00e7lendirmek, kurallara uyumlu ve sorumlu bireyler olmalar\u0131n\u0131 sa\u011flamak hedefiyle y\u00fcr\u00fct\u00fclen \u00e7al\u0131\u015fmalar\u0131n tan\u0131t\u0131m\u0131 amac\u0131yla 19 A\u011fustos 2025 g\u00fcn\u00fc Kar\u015f\u0131yaka \u0130lhan Varank Anadolu \u0130mam Hatip Lisesi\u2019nde etkinlik d\u00fczenlendi. Etkinli\u011fe, Kar\u015f\u0131yaka Kaymakam\u0131 \u00d6zkan Demir, Kar\u015f\u0131yaka Cumhuriyet Ba\u015fsavc\u0131s\u0131 Halil Sezgin, Kar\u015f\u0131yaka Cumhuriyet Ba\u015fsavc\u0131 Vekili Hac\u0131 H\u00fcseyin Da\u015fdemir, Kar\u015f\u0131yaka \u0130l\u00e7e Jandarma Komutan Vekili Cesur Yi\u011fit, Kar\u015f\u0131yaka \u0130l\u00e7e Emniyet M\u00fcd\u00fcr\u00fc Ercan Ka\u00e7ano\u011flu, Kar\u015f\u0131yaka \u0130l\u00e7e Milli E\u011fitim M\u00fcd\u00fcr\u00fc Arzu G\u00fcnayd\u0131n, Kar\u015f\u0131yaka Denetimli Serbestlik M\u00fcd\u00fcr\u00fc Orhan Kayka\u00e7 ve okul m\u00fcd\u00fcr\u00fc Turgut Bilici kat\u0131ld\u0131. Kat\u0131l\u0131mc\u0131lar okullarda y\u00fcr\u00fct\u00fclen \u00e7al\u0131\u015fmalar\u0131 yerinde inceledi.<\/p>\n<p>H\u00fck\u00fcml\u00fcler topluma kazand\u0131r\u0131l\u0131yor<br \/>\n<br \/>Kar\u015f\u0131yaka Cumhuriyet Ba\u015fsavc\u0131s\u0131 Halil Sezgin, Kar\u015f\u0131yaka Denetimli Serbestlik M\u00fcd\u00fcrl\u00fc\u011f\u00fc b\u00fcnyesinde y\u00fck\u00fcml\u00fclerin topluma kazand\u0131r\u0131lmas\u0131 ad\u0131na bir\u00e7ok etkinlik y\u00fcr\u00fct\u00fcld\u00fc\u011f\u00fcn\u00fc belirtti. Ba\u015fsavc\u0131 Sezgin, &#8220;Bunlardan bir tanesi de y\u00fck\u00fcml\u00fclerimizin okullar\u0131n tatil oldu\u011fu d\u00f6nemlerde okullar\u0131n boya badanas\u0131, temizlik faaliyetlerinin y\u00fcr\u00fct\u00fclmesi ve genel anlamda okullar\u0131n e\u011fitim d\u00f6nemine haz\u0131rlanmas\u0131d\u0131r&#8221; dedi. Ba\u015fsavc\u0131 Sezgin, Denetimli Serbestlik M\u00fcd\u00fcrl\u00fc\u011f\u00fc b\u00fcnyesinde toplam 200 y\u00fck\u00fcml\u00fc bulundu\u011funu ve bunlardan 50\u2019sinin Kar\u015f\u0131yaka\u2019daki \u00e7e\u015fitli kamu kurumlar\u0131nda, Milli E\u011fitim M\u00fcd\u00fcrl\u00fc\u011f\u00fcne ba\u011fl\u0131 okullarda ve belediyenin farkl\u0131 birimlerinde kamu hizmeti kapsam\u0131nda g\u00f6rev ald\u0131\u011f\u0131n\u0131 ifade etti. \u015eu anda 15 y\u00fck\u00fcml\u00fcn\u00fcn okullarda temizlik ve boya badana faaliyetlerini y\u00fcr\u00fctt\u00fc\u011f\u00fcn\u00fc ve okullar\u0131 e\u011fitim d\u00f6nemine haz\u0131rlad\u0131\u011f\u0131n\u0131 vurgulad\u0131.<\/p>\n<p>Kamu yarar\u0131na \u00e7al\u0131\u015fma ile motivasyon art\u0131yor<br \/>\n<br \/>Kar\u015f\u0131yaka Denetimli Serbestlik M\u00fcd\u00fcr\u00fc Orhan Kayka\u00e7, Denetimli Serbestlik M\u00fcd\u00fcrl\u00fc\u011f\u00fc\u2019ndeki y\u00fck\u00fcml\u00fclerin iyile\u015ftirme ve rehabilitasyon \u00e7al\u0131\u015fmalar\u0131n\u0131n devam etti\u011fini s\u00f6yledi. Kayka\u00e7, &#8220;Denetimli Serbestlik M\u00fcd\u00fcrl\u00fcklerimizin g\u00f6rev alanlar\u0131ndan bir tanesi de kamu yarar\u0131na \u00e7al\u0131\u015fma y\u00fck\u00fcml\u00fcl\u00fckleridir. Kamu kurumlar\u0131nda kamu yarar\u0131na \u00e7al\u0131\u015fan y\u00fck\u00fcml\u00fclerimiz, yaz tatiliyle birlikte okullara y\u00f6nlendirildi&#8221; dedi. Kayka\u00e7, bu kapsamda 50 y\u00fck\u00fcml\u00fcn\u00fcn Kar\u015f\u0131yaka \u0130l\u00e7e Milli E\u011fitim M\u00fcd\u00fcrl\u00fc\u011f\u00fcne ba\u011fl\u0131 okullarda temizlik, bak\u0131m ve onar\u0131m \u00e7al\u0131\u015fmalar\u0131n\u0131 s\u00fcrd\u00fcrd\u00fc\u011f\u00fcn\u00fc kaydetti. Y\u00fck\u00fcml\u00fclerin motivasyonunun, okullarda \u00e7al\u0131\u015f\u0131rken \u00e7ok farkl\u0131 oldu\u011funu belirten Kayka\u00e7, &#8220;\u00c7ocuklar\u0131m\u0131z\u0131n, karde\u015flerimizin e\u011fitim-\u00f6\u011fretim y\u0131l\u0131na daha temiz, hijyenik \u015fartlarda ba\u015flamas\u0131 i\u00e7in okullar\u0131n temizli\u011fi \u00e7ok \u00f6nemli&#8221; ifadelerini kulland\u0131.<\/p>\n<p>G\u00f6n\u00fcll\u00fc katk\u0131lar da dikkat \u00e7ekiyor<br \/>\n<br \/>Kayka\u00e7, y\u00fck\u00fcml\u00fclerin kamu yarar\u0131na \u00e7al\u0131\u015fmas\u0131n\u0131n yan\u0131 s\u0131ra, y\u00fck\u00fcml\u00fcl\u00fckleri sona ermi\u015f baz\u0131 vatanda\u015flar\u0131n g\u00f6n\u00fcll\u00fc olarak okullardaki temizlik ve \u00e7al\u0131\u015fmalara destek verdi\u011fini aktard\u0131. &#8220;Bu kapsamda g\u00f6n\u00fcll\u00fc olarak gelip okullarda \u00e7al\u0131\u015fan y\u00fck\u00fcml\u00fclerimiz de var. Kamu yarar\u0131na \u00e7al\u0131\u015fma, y\u00fck\u00fcml\u00fclerin daha bilin\u00e7li bireyler olmas\u0131na katk\u0131 sa\u011fl\u0131yor&#8221; dedi. Y\u00fck\u00fcml\u00fcler, daha \u00f6nce kamu alanlar\u0131n\u0131n hijyeni konusunda yeterli dikkat g\u00f6stermediklerini ancak \u00e7al\u0131\u015ft\u0131ktan sonra bu alanlar\u0131 kullan\u0131rken daha \u00f6zenli davrand\u0131klar\u0131n\u0131 belirtiyor. Kayka\u00e7, bu \u00e7al\u0131\u015fmalar\u0131n hem y\u00fck\u00fcml\u00fclerin topluma tekrar kazand\u0131r\u0131lmas\u0131nda hem de kamu kurumlar\u0131n\u0131n \u00f6zellikle okullar\u0131n hizmet almas\u0131 a\u00e7\u0131s\u0131ndan \u00e7ok \u00f6nemli oldu\u011funu vurgulad\u0131.<br \/><\/p>\n","protected":false},"excerpt":{"rendered":"<p>Kar\u015f\u0131yaka\u2019da denetimli serbestlikten yararlanan y\u00fck\u00fcml\u00fcler, 2025-2026 e\u011fitim y\u0131l\u0131 \u00f6ncesinde 13 okulda temizlik ve bak\u0131m \u00e7al\u0131\u015fmas\u0131 yapt\u0131. \u00c7al\u0131\u015fmalar hem \u00f6\u011frencilerin hijyenik s\u0131n\u0131flarda e\u011fitim g\u00f6rmesini hem de y\u00fck\u00fcml\u00fclerin topluma yeniden kazand\u0131r\u0131lmas\u0131n\u0131 ama\u00e7l\u0131yor. Adalet Bakanl\u0131\u011f\u0131 Kar\u015f\u0131yaka Denetimli Serbestlik M\u00fcd\u00fcrl\u00fc\u011f\u00fc\u2019n\u00fcn denetim ve takibi alt\u0131nda bulunan y\u00fck\u00fcml\u00fcler taraf\u0131ndan, \u2019Kamu Yarar\u0131na \u00dccretsiz \u00c7al\u0131\u015fma Y\u00fck\u00fcml\u00fcl\u00fc\u011f\u00fc\u2019 kapsam\u0131nda 2025-2026 e\u011fitim-\u00f6\u011fretim y\u0131l\u0131na haz\u0131rl\u0131k amac\u0131yla Kar\u015f\u0131yaka&#8230;<\/p>\n","protected":false},"author":1,"featured_media":49844,"comment_status":"open","ping_status":"open","sticky":false,"template":"","format":"standard","meta":{"_crdt_document":"","footnotes":""},"categories":[1],"tags":[],"class_list":["post-49843","post","type-post","status-publish","format-standard","has-post-thumbnail","hentry","category-guncel"],"_links":{"self":[{"href":"https:\/\/www.egemtv.com\/index.php?rest_route=\/wp\/v2\/posts\/49843","targetHints":{"allow":["GET"]}}],"collection":[{"href":"https:\/\/www.egemtv.com\/index.php?rest_route=\/wp\/v2\/posts"}],"about":[{"href":"https:\/\/www.egemtv.com\/index.php?rest_route=\/wp\/v2\/types\/post"}],"author":[{"embeddable":true,"href":"https:\/\/www.egemtv.com\/index.php?rest_route=\/wp\/v2\/users\/1"}],"replies":[{"embeddable":true,"href":"https:\/\/www.egemtv.com\/index.php?rest_route=%2Fwp%2Fv2%2Fcomments&post=49843"}],"version-history":[{"count":1,"href":"https:\/\/www.egemtv.com\/index.php?rest_route=\/wp\/v2\/posts\/49843\/revisions"}],"predecessor-version":[{"id":49845,"href":"https:\/\/www.egemtv.com\/index.php?rest_route=\/wp\/v2\/posts\/49843\/revisions\/49845"}],"wp:featuredmedia":[{"embeddable":true,"href":"https:\/\/www.egemtv.com\/index.php?rest_route=\/wp\/v2\/media\/49844"}],"wp:attachment":[{"href":"https:\/\/www.egemtv.com\/index.php?rest_route=%2Fwp%2Fv2%2Fmedia&parent=49843"}],"wp:term":[{"taxonomy":"category","embeddable":true,"href":"https:\/\/www.egemtv.com\/index.php?rest_route=%2Fwp%2Fv2%2Fcategories&post=49843"},{"taxonomy":"post_tag","embeddable":true,"href":"https:\/\/www.egemtv.com\/index.php?rest_route=%2Fwp%2Fv2%2Ftags&post=49843"}],"curies":[{"name":"wp","href":"https:\/\/api.w.org\/{rel}","templated":true}]}}