{"id":49840,"date":"2025-08-19T15:34:50","date_gmt":"2025-08-19T12:34:50","guid":{"rendered":"https:\/\/www.egemtv.com\/?p=49840"},"modified":"2025-08-19T15:34:51","modified_gmt":"2025-08-19T12:34:51","slug":"seyir-halindeki-yolcu-minibusu-alev-aldi-alevler-buyumeden-sonduruldu","status":"publish","type":"post","link":"https:\/\/www.egemtv.com\/?p=49840","title":{"rendered":"Seyir halindeki yolcu minib\u00fcs\u00fc alev ald\u0131, alevler b\u00fcy\u00fcmeden s\u00f6nd\u00fcr\u00fcld\u00fc"},"content":{"rendered":"<p>Ayd\u0131n\u2019da seyir halindeki bir yolcu minib\u00fcs\u00fc motor k\u0131sm\u0131ndan aniden yanmaya ba\u015flad\u0131. K\u0131sa s\u00fcreli panik ya\u015fanan olayda, yang\u0131n b\u00fcy\u00fcmeden s\u00f6nd\u00fcr\u00fcld\u00fc.<br \/>\n<br \/>Olay; Ayd\u0131n-Mu\u011fla Bulvar\u0131 \u00fczerindeki bir zincir marketin \u00f6n\u00fcnde meydana geldi. Edinilen bilgiye g\u00f6re Ayd\u0131n-Karpuzlu hatt\u0131nda yolcu ta\u015f\u0131mac\u0131l\u0131\u011f\u0131 yapan 09 M 4619 yapan minib\u00fcs, bir anda motor k\u0131sm\u0131ndan yanmaya ba\u015flad\u0131. Yolcular\u0131 hemen tahliye edilen minib\u00fcste \u00e7\u0131kan yang\u0131n Ayd\u0131n B\u00fcy\u00fck\u015fehir Belediyesi \u0130tfaiye ekipleri taraf\u0131ndan k\u0131sa s\u00fcrede s\u00f6nd\u00fcr\u00fcld\u00fc.<br \/>\n<br \/>Yang\u0131n sonucu minib\u00fcste maddi hasra olu\u015furken, olayda can kayb\u0131 ve yaralanan kimsenin olmamas\u0131 teselli kayna\u011f\u0131 oldu.<br \/><\/p>\n","protected":false},"excerpt":{"rendered":"<p>Ayd\u0131n\u2019da seyir halindeki bir yolcu minib\u00fcs\u00fc motor k\u0131sm\u0131ndan aniden yanmaya ba\u015flad\u0131. K\u0131sa s\u00fcreli panik ya\u015fanan olayda, yang\u0131n b\u00fcy\u00fcmeden s\u00f6nd\u00fcr\u00fcld\u00fc. Olay; Ayd\u0131n-Mu\u011fla Bulvar\u0131 \u00fczerindeki bir zincir marketin \u00f6n\u00fcnde meydana geldi. Edinilen bilgiye g\u00f6re Ayd\u0131n-Karpuzlu hatt\u0131nda yolcu ta\u015f\u0131mac\u0131l\u0131\u011f\u0131 yapan 09 M 4619 yapan minib\u00fcs, bir anda motor k\u0131sm\u0131ndan yanmaya ba\u015flad\u0131. Yolcular\u0131 hemen tahliye edilen minib\u00fcste \u00e7\u0131kan yang\u0131n&#8230;<\/p>\n","protected":false},"author":1,"featured_media":49841,"comment_status":"open","ping_status":"open","sticky":false,"template":"","format":"standard","meta":{"_crdt_document":"","footnotes":""},"categories":[5],"tags":[],"class_list":["post-49840","post","type-post","status-publish","format-standard","has-post-thumbnail","hentry","category-asayis"],"_links":{"self":[{"href":"https:\/\/www.egemtv.com\/index.php?rest_route=\/wp\/v2\/posts\/49840","targetHints":{"allow":["GET"]}}],"collection":[{"href":"https:\/\/www.egemtv.com\/index.php?rest_route=\/wp\/v2\/posts"}],"about":[{"href":"https:\/\/www.egemtv.com\/index.php?rest_route=\/wp\/v2\/types\/post"}],"author":[{"embeddable":true,"href":"https:\/\/www.egemtv.com\/index.php?rest_route=\/wp\/v2\/users\/1"}],"replies":[{"embeddable":true,"href":"https:\/\/www.egemtv.com\/index.php?rest_route=%2Fwp%2Fv2%2Fcomments&post=49840"}],"version-history":[{"count":1,"href":"https:\/\/www.egemtv.com\/index.php?rest_route=\/wp\/v2\/posts\/49840\/revisions"}],"predecessor-version":[{"id":49842,"href":"https:\/\/www.egemtv.com\/index.php?rest_route=\/wp\/v2\/posts\/49840\/revisions\/49842"}],"wp:featuredmedia":[{"embeddable":true,"href":"https:\/\/www.egemtv.com\/index.php?rest_route=\/wp\/v2\/media\/49841"}],"wp:attachment":[{"href":"https:\/\/www.egemtv.com\/index.php?rest_route=%2Fwp%2Fv2%2Fmedia&parent=49840"}],"wp:term":[{"taxonomy":"category","embeddable":true,"href":"https:\/\/www.egemtv.com\/index.php?rest_route=%2Fwp%2Fv2%2Fcategories&post=49840"},{"taxonomy":"post_tag","embeddable":true,"href":"https:\/\/www.egemtv.com\/index.php?rest_route=%2Fwp%2Fv2%2Ftags&post=49840"}],"curies":[{"name":"wp","href":"https:\/\/api.w.org\/{rel}","templated":true}]}}