{"id":49834,"date":"2025-08-19T15:15:09","date_gmt":"2025-08-19T12:15:09","guid":{"rendered":"https:\/\/www.egemtv.com\/?p=49834"},"modified":"2025-08-19T15:15:10","modified_gmt":"2025-08-19T12:15:10","slug":"soke-belediye-meclisinde-chpden-5-kisi-istifa-etti","status":"publish","type":"post","link":"https:\/\/www.egemtv.com\/?p=49834","title":{"rendered":"S\u00f6ke Belediye Meclisi\u2019nde CHP\u2019den 5 ki\u015fi istifa etti"},"content":{"rendered":"<p>Ayd\u0131n B\u00fcy\u00fck\u015fehir Belediye Ba\u015fkan\u0131 \u00d6zlem \u00c7er\u00e7io\u011flu ve S\u00f6ke Belediye Ba\u015fkan\u0131 Dr. Mustafa \u0130berya Ar\u0131kan\u2019\u0131n Ak Parti\u2019ye ge\u00e7i\u015fi sonras\u0131nda; S\u00f6ke\u2019de siyasi dengeleri de\u011fi\u015ftiren geli\u015fmeler ya\u015fand\u0131.<br \/>\n<br \/>S\u00f6ke siyaseti ve \u00f6zellikle meclis grubu da bu de\u011fi\u015fiklikten nasibini ald\u0131. CHP\u2019den istifa eden \u015eakir G\u00fclmez, Hilal Kabasakal, Necmettin Aka ve Muharrem \u00d6zcan, Ak Parti\u2019ye kat\u0131l\u0131rken; Murat G\u00fcnal ise MHP\u2019ye kay\u0131t oldu. CHP\u2019den istifa eden Tuncay Bozda\u011f\u2019\u0131n yerine meclise giren Muharrem \u00d6zcan, mazbatas\u0131n\u0131 ald\u0131ktan hemen sonra partisinden ayr\u0131larak Ak Parti\u2019ye ge\u00e7ti.<br \/>\n<br \/>Hayal \u00dcz\u00fcm \u2018CHP\u2019 ile devam\u2019 karar\u0131 ald\u0131<br \/>\n<br \/>\u00d6te yandan kamuoyunda, CHP\u2019li Meclis \u00dcyesi Hayal \u00dcz\u00fcm\u2019\u00fcn de istifa edece\u011fi y\u00f6n\u00fcnde iddialar ortaya at\u0131ld\u0131. Ancak Hayal \u00dcz\u00fcm, yapt\u0131\u011f\u0131 a\u00e7\u0131klamada bu haberlere, &#8220;CHP Meclis \u00dcyesi olarak yoluma devam ediyorum&#8221; dedi.<br \/>\n<br \/>Cumhur \u0130ttifak\u0131\u2019na kat\u0131lan 5 meclis \u00fcyesi ve S\u00f6ke Belediye Ba\u015fkan\u0131 Dr. Mustafa \u0130berya Ar\u0131kan\u2019\u0131n da saf de\u011fi\u015ftirmesiyle g\u00f6zler, Eyl\u00fcl ay\u0131nda yap\u0131lacak ilk Belediye Meclisi toplant\u0131s\u0131na \u00e7evrildi. S\u00f6ke Belediye Meclisi\u2019nde 16 CHP\u2019li Meclis \u00dcyesi yoluna devam ederken; MHP (Cumhur \u0130ttifak\u0131) meclis \u00fcyesi say\u0131s\u0131 yeni kat\u0131l\u0131mlarla 15\u2019e y\u00fckseldi.<br \/>\n<br \/>Meclis \u00fcyeli\u011finden istifa eden Av. Tuncay Bozda\u011f\u2019\u0131n yerine yeni bir ismin, Enc\u00fcmen \u00dcyeli\u011fi\u2019ne se\u00e7ilmesi bekleniyor. Di\u011fer taraftan parti de\u011fi\u015fiminin ard\u0131ndan, Nisan 2026\u2019da g\u00f6rev s\u00fcreleri dolacak olan ihtisas komisyonlar\u0131n\u0131n yeniden belirlenmesi bekleniyor.<br \/><\/p>\n","protected":false},"excerpt":{"rendered":"<p>Ayd\u0131n B\u00fcy\u00fck\u015fehir Belediye Ba\u015fkan\u0131 \u00d6zlem \u00c7er\u00e7io\u011flu ve S\u00f6ke Belediye Ba\u015fkan\u0131 Dr. Mustafa \u0130berya Ar\u0131kan\u2019\u0131n Ak Parti\u2019ye ge\u00e7i\u015fi sonras\u0131nda; S\u00f6ke\u2019de siyasi dengeleri de\u011fi\u015ftiren geli\u015fmeler ya\u015fand\u0131. S\u00f6ke siyaseti ve \u00f6zellikle meclis grubu da bu de\u011fi\u015fiklikten nasibini ald\u0131. CHP\u2019den istifa eden \u015eakir G\u00fclmez, Hilal Kabasakal, Necmettin Aka ve Muharrem \u00d6zcan, Ak Parti\u2019ye kat\u0131l\u0131rken; Murat G\u00fcnal ise MHP\u2019ye kay\u0131t&#8230;<\/p>\n","protected":false},"author":1,"featured_media":49835,"comment_status":"open","ping_status":"open","sticky":false,"template":"","format":"standard","meta":{"_crdt_document":"","footnotes":""},"categories":[127],"tags":[],"class_list":["post-49834","post","type-post","status-publish","format-standard","has-post-thumbnail","hentry","category-siyaset"],"_links":{"self":[{"href":"https:\/\/www.egemtv.com\/index.php?rest_route=\/wp\/v2\/posts\/49834","targetHints":{"allow":["GET"]}}],"collection":[{"href":"https:\/\/www.egemtv.com\/index.php?rest_route=\/wp\/v2\/posts"}],"about":[{"href":"https:\/\/www.egemtv.com\/index.php?rest_route=\/wp\/v2\/types\/post"}],"author":[{"embeddable":true,"href":"https:\/\/www.egemtv.com\/index.php?rest_route=\/wp\/v2\/users\/1"}],"replies":[{"embeddable":true,"href":"https:\/\/www.egemtv.com\/index.php?rest_route=%2Fwp%2Fv2%2Fcomments&post=49834"}],"version-history":[{"count":1,"href":"https:\/\/www.egemtv.com\/index.php?rest_route=\/wp\/v2\/posts\/49834\/revisions"}],"predecessor-version":[{"id":49836,"href":"https:\/\/www.egemtv.com\/index.php?rest_route=\/wp\/v2\/posts\/49834\/revisions\/49836"}],"wp:featuredmedia":[{"embeddable":true,"href":"https:\/\/www.egemtv.com\/index.php?rest_route=\/wp\/v2\/media\/49835"}],"wp:attachment":[{"href":"https:\/\/www.egemtv.com\/index.php?rest_route=%2Fwp%2Fv2%2Fmedia&parent=49834"}],"wp:term":[{"taxonomy":"category","embeddable":true,"href":"https:\/\/www.egemtv.com\/index.php?rest_route=%2Fwp%2Fv2%2Fcategories&post=49834"},{"taxonomy":"post_tag","embeddable":true,"href":"https:\/\/www.egemtv.com\/index.php?rest_route=%2Fwp%2Fv2%2Ftags&post=49834"}],"curies":[{"name":"wp","href":"https:\/\/api.w.org\/{rel}","templated":true}]}}