{"id":49831,"date":"2025-08-19T14:55:43","date_gmt":"2025-08-19T11:55:43","guid":{"rendered":"https:\/\/www.egemtv.com\/?p=49831"},"modified":"2025-08-19T14:55:44","modified_gmt":"2025-08-19T11:55:44","slug":"kadin-ataci-erkeklere-tas-cikartti","status":"publish","type":"post","link":"https:\/\/www.egemtv.com\/?p=49831","title":{"rendered":"Kad\u0131n atac\u0131 erkeklere ta\u015f \u00e7\u0131kartt\u0131"},"content":{"rendered":"<p>Denizli\u2019de d\u00fczenlenen 9. \u00c7ameli K\u00fclt\u00fcr, Turizm, Tar\u0131m ve Do\u011fa Sporlar\u0131 Festivali\u2019nde onlarca erke\u011fin m\u00fccadele etti\u011fi trap at\u0131\u015flar\u0131n\u0131n tek kad\u0131n at\u0131c\u0131s\u0131 G\u00fclcan Y\u0131ld\u0131r\u0131m, hedefi tam isabetle vurarak erkeklere ta\u015f \u00e7\u0131kard\u0131.<br \/>\n<br \/>Denizli\u2019de d\u00fczenlenen 9. \u00c7ameli K\u00fclt\u00fcr, Turizm, Tar\u0131m ve Do\u011fa Sporlar\u0131 Festivali kapsam\u0131nda ger\u00e7ekle\u015ftirilen trap at\u0131\u015flar\u0131, renkli g\u00f6r\u00fcnt\u00fclere sahne oldu. Yar\u0131\u015fmada kad\u0131n at\u0131c\u0131 G\u00fclcan Y\u0131ld\u0131r\u0131m, ba\u015far\u0131l\u0131 isabetli at\u0131\u015flar\u0131yla dikkatleri \u00fczerine \u00e7ekti. Hedefe tam isabet at\u0131\u015flar yapan kad\u0131n sporcu, ba\u015far\u0131s\u0131yla erkekleri geride b\u0131rakt\u0131.<br \/>\n<br \/>\u00c7ameli Avc\u0131lar Kul\u00fcb\u00fc Ba\u015fkan\u0131 Murat Gen\u00e7, G\u00fclcan Y\u0131ld\u0131r\u0131m\u2019\u0131n performans\u0131n\u0131 tebrik ederek, &#8220;\u00c7ameli K\u00fclt\u00fcr, Turizm, Tar\u0131m ve Do\u011fa Sporlar\u0131 Festivali kapsam\u0131nda ilk kez trap at\u0131\u015flar\u0131 yap\u0131l\u0131yor. G\u00fclcan han\u0131m da bu etkinli\u011fe kat\u0131lan ilk kad\u0131n at\u0131\u015f\u00e7\u0131m\u0131z oldu. Ben bile b\u00f6yle at\u0131\u015flar yapam\u0131yorum, karde\u015fimizi tebrik ederiz. Bizim profesyonel domuz avc\u0131lar\u0131ndan daha iyi at\u0131\u015flar ger\u00e7ekle\u015ftirdi. \u00c7evre illerden e\u015fleriyle birlikte yar\u0131\u015flara kat\u0131lmak isteyenler oldu. \u0130lk etkinlik oldu\u011fu i\u00e7in bu y\u0131l kendimizi g\u00f6rmek istedik. \u00d6n\u00fcm\u00fczdeki y\u0131ldan itibaren ba\u015fta \u00c7ameli olmak \u00fczere t\u00fcm avc\u0131lar\u0131m\u0131z\u0131 e\u015fleriyle birlikte yar\u0131\u015fmaya davet ediyoruz. \u00dclkemizde 10 binin \u00fczerinde bayan avc\u0131 var, onlar\u0131 da her zaman bekleriz&#8221; dedi.<\/p>\n<p>&#8220;Kad\u0131n rakiplerimi bekliyorum&#8221;<br \/>\n<br \/>Erkekleri geride b\u0131rakan ba\u015far\u0131l\u0131 sporcu G\u00fclcan Y\u0131ld\u0131r\u0131m ise yapt\u0131\u011f\u0131 a\u00e7\u0131klamada, &#8220;Ben de bu yar\u0131\u015flar\u0131 d\u00fczenleyen ba\u015fta \u00c7ameli Belediye Ba\u015fkan\u0131m\u0131z Cengiz Arslan olmak \u00fczere eme\u011fi ge\u00e7enlere te\u015fekk\u00fcr ediyorum. Umar\u0131m bu yar\u0131\u015flar devam eder. T\u00fcm kad\u0131nlar bu sporu yapmal\u0131. Eme\u011fi ge\u00e7en herkese te\u015fekk\u00fcr ederim. \u00d6n\u00fcm\u00fczdeki y\u0131l kad\u0131n rakiplerimi bekliyorum&#8221; ifadelerini kulland\u0131.<br \/>\n<br \/>Yar\u0131\u015fma sonunda \u00f6d\u00fcl\u00fcn\u00fc alan G\u00fclcan Y\u0131ld\u0131r\u0131m, festivalin en \u00e7ok konu\u015fulan isimlerinden biri oldu.<br \/><\/p>\n","protected":false},"excerpt":{"rendered":"<p>Denizli\u2019de d\u00fczenlenen 9. \u00c7ameli K\u00fclt\u00fcr, Turizm, Tar\u0131m ve Do\u011fa Sporlar\u0131 Festivali\u2019nde onlarca erke\u011fin m\u00fccadele etti\u011fi trap at\u0131\u015flar\u0131n\u0131n tek kad\u0131n at\u0131c\u0131s\u0131 G\u00fclcan Y\u0131ld\u0131r\u0131m, hedefi tam isabetle vurarak erkeklere ta\u015f \u00e7\u0131kard\u0131. Denizli\u2019de d\u00fczenlenen 9. \u00c7ameli K\u00fclt\u00fcr, Turizm, Tar\u0131m ve Do\u011fa Sporlar\u0131 Festivali kapsam\u0131nda ger\u00e7ekle\u015ftirilen trap at\u0131\u015flar\u0131, renkli g\u00f6r\u00fcnt\u00fclere sahne oldu. Yar\u0131\u015fmada kad\u0131n at\u0131c\u0131 G\u00fclcan Y\u0131ld\u0131r\u0131m, ba\u015far\u0131l\u0131 isabetli&#8230;<\/p>\n","protected":false},"author":1,"featured_media":49832,"comment_status":"open","ping_status":"open","sticky":false,"template":"","format":"standard","meta":{"_crdt_document":"","footnotes":""},"categories":[4],"tags":[],"class_list":["post-49831","post","type-post","status-publish","format-standard","has-post-thumbnail","hentry","category-spor"],"_links":{"self":[{"href":"https:\/\/www.egemtv.com\/index.php?rest_route=\/wp\/v2\/posts\/49831","targetHints":{"allow":["GET"]}}],"collection":[{"href":"https:\/\/www.egemtv.com\/index.php?rest_route=\/wp\/v2\/posts"}],"about":[{"href":"https:\/\/www.egemtv.com\/index.php?rest_route=\/wp\/v2\/types\/post"}],"author":[{"embeddable":true,"href":"https:\/\/www.egemtv.com\/index.php?rest_route=\/wp\/v2\/users\/1"}],"replies":[{"embeddable":true,"href":"https:\/\/www.egemtv.com\/index.php?rest_route=%2Fwp%2Fv2%2Fcomments&post=49831"}],"version-history":[{"count":1,"href":"https:\/\/www.egemtv.com\/index.php?rest_route=\/wp\/v2\/posts\/49831\/revisions"}],"predecessor-version":[{"id":49833,"href":"https:\/\/www.egemtv.com\/index.php?rest_route=\/wp\/v2\/posts\/49831\/revisions\/49833"}],"wp:featuredmedia":[{"embeddable":true,"href":"https:\/\/www.egemtv.com\/index.php?rest_route=\/wp\/v2\/media\/49832"}],"wp:attachment":[{"href":"https:\/\/www.egemtv.com\/index.php?rest_route=%2Fwp%2Fv2%2Fmedia&parent=49831"}],"wp:term":[{"taxonomy":"category","embeddable":true,"href":"https:\/\/www.egemtv.com\/index.php?rest_route=%2Fwp%2Fv2%2Fcategories&post=49831"},{"taxonomy":"post_tag","embeddable":true,"href":"https:\/\/www.egemtv.com\/index.php?rest_route=%2Fwp%2Fv2%2Ftags&post=49831"}],"curies":[{"name":"wp","href":"https:\/\/api.w.org\/{rel}","templated":true}]}}