{"id":49828,"date":"2025-08-19T14:55:43","date_gmt":"2025-08-19T11:55:43","guid":{"rendered":"https:\/\/www.egemtv.com\/?p=49828"},"modified":"2025-08-19T14:55:43","modified_gmt":"2025-08-19T11:55:43","slug":"manisali-sehit-astsubayin-tedavi-goren-babasi-hayatini-kaybetti","status":"publish","type":"post","link":"https:\/\/www.egemtv.com\/?p=49828","title":{"rendered":"Manisal\u0131 \u015fehit astsubay\u0131n tedavi g\u00f6ren babas\u0131 hayat\u0131n\u0131 kaybetti"},"content":{"rendered":"<p>Irak\u2019\u0131n kuzeyindeki Pen\u00e7e-Kilit Harekat\u0131 b\u00f6lgesinde metan gaz\u0131na maruz kalarak \u015fehit olan Akhisarl\u0131 Piyade Komando Astsubay K\u0131demli \u00c7avu\u015f Fikret Mangura\u2019n\u0131n, uzun s\u00fcredir kanser tedavisi g\u00f6ren babas\u0131 Vasfi Mangura hayat\u0131n\u0131 kaybetti.<br \/>\n<br \/>Ac\u0131 haberi, T\u00fcrkiye Harp Malul\u00fc Gaziler \u015eehit Dul ve Yetimleri Derne\u011fi Manisa \u015eube Ba\u015fkan\u0131 Yusuf K\u0131y\u0131\u015fkan duyurdu. K\u0131y\u0131\u015fkan, &#8220;Aziz \u015fehidimiz Fikret Mangura\u2019n\u0131n babas\u0131, k\u0131ymetli b\u00fcy\u00fc\u011f\u00fcm\u00fcz Vasfi Mangura\u2019n\u0131n vefat\u0131n\u0131 derin bir \u00fcz\u00fcnt\u00fc ile \u00f6\u011frenmi\u015f bulunuyoruz. Merhuma Allah\u2019tan rahmet, ba\u015fta k\u0131ymetli ailesi olmak \u00fczere t\u00fcm sevenlerine sab\u0131r ve ba\u015fsa\u011fl\u0131\u011f\u0131 diliyoruz&#8221; ifadelerini kulland\u0131.<br \/>\n<br \/>Vasfi Mangura\u2019n\u0131n cenazesi, bug\u00fcn ikindi namaz\u0131n\u0131 m\u00fcteakip Akhisar\u2019\u0131n Kapakl\u0131 Mahalle Camii\u2019nde k\u0131l\u0131nacak cenaze namaz\u0131n\u0131n ard\u0131ndan topra\u011fa verilecek.<br \/><\/p>\n","protected":false},"excerpt":{"rendered":"<p>Irak\u2019\u0131n kuzeyindeki Pen\u00e7e-Kilit Harekat\u0131 b\u00f6lgesinde metan gaz\u0131na maruz kalarak \u015fehit olan Akhisarl\u0131 Piyade Komando Astsubay K\u0131demli \u00c7avu\u015f Fikret Mangura\u2019n\u0131n, uzun s\u00fcredir kanser tedavisi g\u00f6ren babas\u0131 Vasfi Mangura hayat\u0131n\u0131 kaybetti. Ac\u0131 haberi, T\u00fcrkiye Harp Malul\u00fc Gaziler \u015eehit Dul ve Yetimleri Derne\u011fi Manisa \u015eube Ba\u015fkan\u0131 Yusuf K\u0131y\u0131\u015fkan duyurdu. K\u0131y\u0131\u015fkan, &#8220;Aziz \u015fehidimiz Fikret Mangura\u2019n\u0131n babas\u0131, k\u0131ymetli b\u00fcy\u00fc\u011f\u00fcm\u00fcz Vasfi&#8230;<\/p>\n","protected":false},"author":1,"featured_media":49829,"comment_status":"open","ping_status":"open","sticky":false,"template":"","format":"standard","meta":{"_crdt_document":"","footnotes":""},"categories":[5],"tags":[],"class_list":["post-49828","post","type-post","status-publish","format-standard","has-post-thumbnail","hentry","category-asayis"],"_links":{"self":[{"href":"https:\/\/www.egemtv.com\/index.php?rest_route=\/wp\/v2\/posts\/49828","targetHints":{"allow":["GET"]}}],"collection":[{"href":"https:\/\/www.egemtv.com\/index.php?rest_route=\/wp\/v2\/posts"}],"about":[{"href":"https:\/\/www.egemtv.com\/index.php?rest_route=\/wp\/v2\/types\/post"}],"author":[{"embeddable":true,"href":"https:\/\/www.egemtv.com\/index.php?rest_route=\/wp\/v2\/users\/1"}],"replies":[{"embeddable":true,"href":"https:\/\/www.egemtv.com\/index.php?rest_route=%2Fwp%2Fv2%2Fcomments&post=49828"}],"version-history":[{"count":1,"href":"https:\/\/www.egemtv.com\/index.php?rest_route=\/wp\/v2\/posts\/49828\/revisions"}],"predecessor-version":[{"id":49830,"href":"https:\/\/www.egemtv.com\/index.php?rest_route=\/wp\/v2\/posts\/49828\/revisions\/49830"}],"wp:featuredmedia":[{"embeddable":true,"href":"https:\/\/www.egemtv.com\/index.php?rest_route=\/wp\/v2\/media\/49829"}],"wp:attachment":[{"href":"https:\/\/www.egemtv.com\/index.php?rest_route=%2Fwp%2Fv2%2Fmedia&parent=49828"}],"wp:term":[{"taxonomy":"category","embeddable":true,"href":"https:\/\/www.egemtv.com\/index.php?rest_route=%2Fwp%2Fv2%2Fcategories&post=49828"},{"taxonomy":"post_tag","embeddable":true,"href":"https:\/\/www.egemtv.com\/index.php?rest_route=%2Fwp%2Fv2%2Ftags&post=49828"}],"curies":[{"name":"wp","href":"https:\/\/api.w.org\/{rel}","templated":true}]}}