{"id":49783,"date":"2025-08-19T13:15:29","date_gmt":"2025-08-19T10:15:29","guid":{"rendered":"https:\/\/www.egemtv.com\/?p=49783"},"modified":"2025-08-19T13:15:30","modified_gmt":"2025-08-19T10:15:30","slug":"burdurda-jandarmadan-orman-yanginlarina-karsi-24-saat-devriye","status":"publish","type":"post","link":"https:\/\/www.egemtv.com\/?p=49783","title":{"rendered":"Burdur\u2019da jandarmadan orman yang\u0131nlar\u0131na kar\u015f\u0131 24 saat devriye"},"content":{"rendered":"<p>Burdur \u0130l Jandarma Komutanl\u0131\u011f\u0131 ekipleri, orman yang\u0131nlar\u0131n\u0131 \u00f6nlemek amac\u0131yla ormanl\u0131k alanlarda 24 saat esas\u0131na g\u00f6re devriye faaliyetlerini s\u00fcrd\u00fcr\u00fcyor.<br \/>\n<br \/>Burdur Valili\u011finden yap\u0131lan a\u00e7\u0131klamada, g\u00fcvenlik g\u00fc\u00e7lerinin orman yang\u0131nlar\u0131n\u0131n \u00f6nlenmesine y\u00f6nelik \u00e7al\u0131\u015fmalar\u0131na aral\u0131ks\u0131z devam etti\u011fi belirtildi. A\u00e7\u0131klamada, &#8220;Burdur \u0130l Jandarma Komutanl\u0131\u011f\u0131 sorumluluk alanlar\u0131nda meydana gelmesi muhtemel orman yang\u0131nlar\u0131n\u0131 \u00f6nlemek ve vatanda\u015flar\u0131 bilgilendirmek maksad\u0131yla Jandarma Asayi\u015f Komando B\u00f6l\u00fck Komutanl\u0131\u011f\u0131 unsurlar\u0131m\u0131z taraf\u0131ndan ormanl\u0131k alanlarda devriye faaliyetlerine devam edilmektedir&#8221; ifadelerine yer verildi.<br \/><\/p>\n","protected":false},"excerpt":{"rendered":"<p>Burdur \u0130l Jandarma Komutanl\u0131\u011f\u0131 ekipleri, orman yang\u0131nlar\u0131n\u0131 \u00f6nlemek amac\u0131yla ormanl\u0131k alanlarda 24 saat esas\u0131na g\u00f6re devriye faaliyetlerini s\u00fcrd\u00fcr\u00fcyor. Burdur Valili\u011finden yap\u0131lan a\u00e7\u0131klamada, g\u00fcvenlik g\u00fc\u00e7lerinin orman yang\u0131nlar\u0131n\u0131n \u00f6nlenmesine y\u00f6nelik \u00e7al\u0131\u015fmalar\u0131na aral\u0131ks\u0131z devam etti\u011fi belirtildi. A\u00e7\u0131klamada, &#8220;Burdur \u0130l Jandarma Komutanl\u0131\u011f\u0131 sorumluluk alanlar\u0131nda meydana gelmesi muhtemel orman yang\u0131nlar\u0131n\u0131 \u00f6nlemek ve vatanda\u015flar\u0131 bilgilendirmek maksad\u0131yla Jandarma Asayi\u015f Komando B\u00f6l\u00fck Komutanl\u0131\u011f\u0131&#8230;<\/p>\n","protected":false},"author":1,"featured_media":49784,"comment_status":"open","ping_status":"open","sticky":false,"template":"","format":"standard","meta":{"_crdt_document":"","footnotes":""},"categories":[5],"tags":[],"class_list":["post-49783","post","type-post","status-publish","format-standard","has-post-thumbnail","hentry","category-asayis"],"_links":{"self":[{"href":"https:\/\/www.egemtv.com\/index.php?rest_route=\/wp\/v2\/posts\/49783","targetHints":{"allow":["GET"]}}],"collection":[{"href":"https:\/\/www.egemtv.com\/index.php?rest_route=\/wp\/v2\/posts"}],"about":[{"href":"https:\/\/www.egemtv.com\/index.php?rest_route=\/wp\/v2\/types\/post"}],"author":[{"embeddable":true,"href":"https:\/\/www.egemtv.com\/index.php?rest_route=\/wp\/v2\/users\/1"}],"replies":[{"embeddable":true,"href":"https:\/\/www.egemtv.com\/index.php?rest_route=%2Fwp%2Fv2%2Fcomments&post=49783"}],"version-history":[{"count":1,"href":"https:\/\/www.egemtv.com\/index.php?rest_route=\/wp\/v2\/posts\/49783\/revisions"}],"predecessor-version":[{"id":49785,"href":"https:\/\/www.egemtv.com\/index.php?rest_route=\/wp\/v2\/posts\/49783\/revisions\/49785"}],"wp:featuredmedia":[{"embeddable":true,"href":"https:\/\/www.egemtv.com\/index.php?rest_route=\/wp\/v2\/media\/49784"}],"wp:attachment":[{"href":"https:\/\/www.egemtv.com\/index.php?rest_route=%2Fwp%2Fv2%2Fmedia&parent=49783"}],"wp:term":[{"taxonomy":"category","embeddable":true,"href":"https:\/\/www.egemtv.com\/index.php?rest_route=%2Fwp%2Fv2%2Fcategories&post=49783"},{"taxonomy":"post_tag","embeddable":true,"href":"https:\/\/www.egemtv.com\/index.php?rest_route=%2Fwp%2Fv2%2Ftags&post=49783"}],"curies":[{"name":"wp","href":"https:\/\/api.w.org\/{rel}","templated":true}]}}