{"id":49780,"date":"2025-08-19T13:15:28","date_gmt":"2025-08-19T10:15:28","guid":{"rendered":"https:\/\/www.egemtv.com\/?p=49780"},"modified":"2025-08-19T13:15:29","modified_gmt":"2025-08-19T10:15:29","slug":"manisanin-yangin-riskini-azaltma-plani-turkiyeye-ornek-olabilir","status":"publish","type":"post","link":"https:\/\/www.egemtv.com\/?p=49780","title":{"rendered":"Manisa\u2019n\u0131n \u2019Yang\u0131n Riskini Azaltma Plan\u0131\u2019 T\u00fcrkiye\u2019ye \u00f6rnek olabilir"},"content":{"rendered":"<p>MAN\u0130SA (\u0130HA) \u2013 Manisa Valili\u011fi taraf\u0131ndan y\u00fcr\u00fct\u00fclen &#8220;Yang\u0131n Riskini Azaltma Plan\u0131&#8221;, il genelinde orman yang\u0131nlar\u0131na kar\u015f\u0131 h\u0131zl\u0131 ve etkin m\u00fcdahale imkan\u0131 sa\u011flayarak b\u00fcy\u00fck ba\u015far\u0131ya imza att\u0131. Son bir ayda \u00e7\u0131kan 80 yang\u0131n\u0131n 61\u2019i, plan kapsam\u0131nda olu\u015fturulan yerel ekiplerin m\u00fcdahalesiyle b\u00fcy\u00fcmeden s\u00f6nd\u00fcr\u00fcld\u00fc.<br \/>\n<br \/>Hava s\u0131cakl\u0131klar\u0131n y\u00fckselmesiyle birlikte Manisa\u2019da orman yang\u0131n\u0131 riskinin artmas\u0131 \u00fczerine Manisa Valili\u011fi harekete ge\u00e7ti. Yang\u0131nlara kar\u015f\u0131 haz\u0131rl\u0131kl\u0131 olmak, yang\u0131n risklerini en aza indirmek, erken m\u00fcdahale ve kurumlar aras\u0131 etkin koordinasyon sa\u011flamak amac\u0131yla Manisa Valisi Vahdettin \u00d6zkan \u00f6nc\u00fcl\u00fc\u011f\u00fcnde &#8220;Yang\u0131n Risk Azaltma Plan\u0131&#8221; haz\u0131rlanarak, 14 Temmuz 2025 tarihinde uygulamaya konuldu. Tar\u0131m ve Orman Bakanl\u0131\u011f\u0131n\u0131n Orman Yang\u0131nlar\u0131yla M\u00fccadele Stratejisi \u00e7er\u00e7evesinde, il genelindeki yang\u0131n riskini en aza indirmeyi ama\u00e7layan plan, \u00f6nleme ve erken m\u00fcdahale kapasitesini g\u00fc\u00e7lendirecek bir dizi tedbiri i\u00e7eriyor.<\/p>\n<p>94 k\u00f6y grubu, 282 ara\u00e7 ve 1027 personel<br \/>\n<br \/>Plan kapsam\u0131nda 94 k\u00f6y grubu olu\u015fturuldu. Ayr\u0131ca 282 ara\u00e7 yang\u0131na m\u00fcdahale i\u00e7in haz\u0131r tutuluyor. Bunun yan\u0131nda bin 27 kamu personeli de plan \u00e7er\u00e7evesindeki g\u00f6revleri do\u011frultusunda 7 g\u00fcn 24 saat esas\u0131na g\u00f6re \u00e7al\u0131\u015f\u0131yor. Ama\u00e7, yang\u0131na sebep olan hususlar\u0131 en aza indirmek ve yang\u0131n s\u00f6nd\u00fcrme ekipleri olay yerine ula\u015fana kadar, \u00f6zelikle ot yang\u0131nlar\u0131nda ilk m\u00fcdahaleyi ger\u00e7ekle\u015ftirerek yang\u0131n\u0131n b\u00fcy\u00fcmesini, ormana s\u0131\u00e7ramas\u0131n\u0131 \u00f6nlemek.<\/p>\n<p>Ba\u015far\u0131 oran\u0131 y\u00fczde 76<br \/>\n<br \/>14 Temmuz 2025\u2019te uygulamaya giren plan sayesinde, 14 Temmuz-19 A\u011fustos tarihleri aras\u0131nda meydana gelen yang\u0131nlar\u0131n y\u00fczde 76\u2019s\u0131, yerel ekiplerin h\u0131zl\u0131 m\u00fcdahalesi ile kontrol alt\u0131na al\u0131nd\u0131. Bu sayede hem orman alanlar\u0131n\u0131n zarar g\u00f6rmesi hem de ya\u015fanabilecek can ve mal kay\u0131plar\u0131n\u0131n \u00f6n\u00fcne ge\u00e7ildi. Fark\u0131ndal\u0131k \u00e7al\u0131\u015fmalar\u0131, ileti\u015fim ve koordinasyon etkili oldu. Plan \u00e7er\u00e7evesinde mahallelere ortak e\u011fitimler verildi ve mahalleler aras\u0131 \u00f6nceden ileti\u015fim a\u011f\u0131 kuruldu. Haz\u0131r ara\u00e7 ve ekipmanlarla birlikte e\u011fitimli g\u00f6n\u00fcll\u00fcler koordineli \u015fekilde \u00e7al\u0131\u015ft\u0131. Her mahallede var olan potansiyelin haz\u0131r tutulmas\u0131 ve etkin \u015fekilde koordine edilmesi, yang\u0131nlar\u0131n b\u00fcy\u00fcmesini \u00f6nledi. Plan kapsam\u0131nda y\u00fcr\u00fct\u00fclen fark\u0131ndal\u0131k \u00e7al\u0131\u015fmalar\u0131 ile de vatanda\u015flar yang\u0131n risklerine kar\u015f\u0131 bilin\u00e7lendirildi. Yang\u0131na sebebiyet verebilecek tarla ve elektrik direklerinin \u00e7evresindeki kuru otlar\u0131n temizlenmesi sa\u011fland\u0131.<br \/>\n<br \/>Uzmanlar, bu sistemin T\u00fcrkiye\u2019nin farkl\u0131 illerinde de uygulanabilece\u011fini, b\u00f6ylece orman yang\u0131nlar\u0131yla m\u00fccadelede yerel kapasitenin art\u0131r\u0131labilece\u011fini belirtti.<\/p>\n","protected":false},"excerpt":{"rendered":"<p>MAN\u0130SA (\u0130HA) \u2013 Manisa Valili\u011fi taraf\u0131ndan y\u00fcr\u00fct\u00fclen &#8220;Yang\u0131n Riskini Azaltma Plan\u0131&#8221;, il genelinde orman yang\u0131nlar\u0131na kar\u015f\u0131 h\u0131zl\u0131 ve etkin m\u00fcdahale imkan\u0131 sa\u011flayarak b\u00fcy\u00fck ba\u015far\u0131ya imza att\u0131. Son bir ayda \u00e7\u0131kan 80 yang\u0131n\u0131n 61\u2019i, plan kapsam\u0131nda olu\u015fturulan yerel ekiplerin m\u00fcdahalesiyle b\u00fcy\u00fcmeden s\u00f6nd\u00fcr\u00fcld\u00fc. Hava s\u0131cakl\u0131klar\u0131n y\u00fckselmesiyle birlikte Manisa\u2019da orman yang\u0131n\u0131 riskinin artmas\u0131 \u00fczerine Manisa Valili\u011fi harekete ge\u00e7ti&#8230;.<\/p>\n","protected":false},"author":1,"featured_media":49781,"comment_status":"open","ping_status":"open","sticky":false,"template":"","format":"standard","meta":{"_crdt_document":"","footnotes":""},"categories":[1],"tags":[],"class_list":["post-49780","post","type-post","status-publish","format-standard","has-post-thumbnail","hentry","category-guncel"],"_links":{"self":[{"href":"https:\/\/www.egemtv.com\/index.php?rest_route=\/wp\/v2\/posts\/49780","targetHints":{"allow":["GET"]}}],"collection":[{"href":"https:\/\/www.egemtv.com\/index.php?rest_route=\/wp\/v2\/posts"}],"about":[{"href":"https:\/\/www.egemtv.com\/index.php?rest_route=\/wp\/v2\/types\/post"}],"author":[{"embeddable":true,"href":"https:\/\/www.egemtv.com\/index.php?rest_route=\/wp\/v2\/users\/1"}],"replies":[{"embeddable":true,"href":"https:\/\/www.egemtv.com\/index.php?rest_route=%2Fwp%2Fv2%2Fcomments&post=49780"}],"version-history":[{"count":1,"href":"https:\/\/www.egemtv.com\/index.php?rest_route=\/wp\/v2\/posts\/49780\/revisions"}],"predecessor-version":[{"id":49782,"href":"https:\/\/www.egemtv.com\/index.php?rest_route=\/wp\/v2\/posts\/49780\/revisions\/49782"}],"wp:featuredmedia":[{"embeddable":true,"href":"https:\/\/www.egemtv.com\/index.php?rest_route=\/wp\/v2\/media\/49781"}],"wp:attachment":[{"href":"https:\/\/www.egemtv.com\/index.php?rest_route=%2Fwp%2Fv2%2Fmedia&parent=49780"}],"wp:term":[{"taxonomy":"category","embeddable":true,"href":"https:\/\/www.egemtv.com\/index.php?rest_route=%2Fwp%2Fv2%2Fcategories&post=49780"},{"taxonomy":"post_tag","embeddable":true,"href":"https:\/\/www.egemtv.com\/index.php?rest_route=%2Fwp%2Fv2%2Ftags&post=49780"}],"curies":[{"name":"wp","href":"https:\/\/api.w.org\/{rel}","templated":true}]}}