{"id":49777,"date":"2025-08-19T12:54:58","date_gmt":"2025-08-19T09:54:58","guid":{"rendered":"https:\/\/www.egemtv.com\/?p=49777"},"modified":"2025-08-19T12:54:59","modified_gmt":"2025-08-19T09:54:59","slug":"23-ayri-suctan-aranan-sahis-bodrumda-polise-sahte-kimlikle-yakalandi","status":"publish","type":"post","link":"https:\/\/www.egemtv.com\/?p=49777","title":{"rendered":"23 ayr\u0131 su\u00e7tan aranan \u015fah\u0131s Bodrum\u2019da polise sahte kimlikle yakaland\u0131"},"content":{"rendered":"<p>Mu\u011fla\u2019n\u0131n Bodrum il\u00e7esinde 23 ayr\u0131 su\u00e7tan aranan \u015fah\u0131s, polis ekiplerince yakaland\u0131.<br \/>\n<br \/>Bodrum \u0130l\u00e7e Emniyet M\u00fcd\u00fcrl\u00fc\u011f\u00fc ekiplerinin, aranan \u015fah\u0131slar\u0131n yakalanmas\u0131na y\u00f6nelik \u00e7al\u0131\u015fmalar\u0131 s\u00fcr\u00fcyor. Ba\u015fkas\u0131na ait kimlik kulland\u0131\u011f\u0131 tespit edilen ve 23 ayr\u0131 su\u00e7tan 19 y\u0131l 5 ay kesinle\u015fmi\u015f hapis cezas\u0131 ile aranmakta olan bir \u015fah\u0131s, polis ekiplerince k\u0131sk\u0131vrak yakaland\u0131.<br \/>\n<br \/>Adliyeye sevk edilen \u015fah\u0131s, \u00e7\u0131kar\u0131ld\u0131\u011f\u0131 mahkemece tutuklanarak cezaevine g\u00f6nderildi.<br \/><\/p>\n","protected":false},"excerpt":{"rendered":"<p>Mu\u011fla\u2019n\u0131n Bodrum il\u00e7esinde 23 ayr\u0131 su\u00e7tan aranan \u015fah\u0131s, polis ekiplerince yakaland\u0131. Bodrum \u0130l\u00e7e Emniyet M\u00fcd\u00fcrl\u00fc\u011f\u00fc ekiplerinin, aranan \u015fah\u0131slar\u0131n yakalanmas\u0131na y\u00f6nelik \u00e7al\u0131\u015fmalar\u0131 s\u00fcr\u00fcyor. Ba\u015fkas\u0131na ait kimlik kulland\u0131\u011f\u0131 tespit edilen ve 23 ayr\u0131 su\u00e7tan 19 y\u0131l 5 ay kesinle\u015fmi\u015f hapis cezas\u0131 ile aranmakta olan bir \u015fah\u0131s, polis ekiplerince k\u0131sk\u0131vrak yakaland\u0131. Adliyeye sevk edilen \u015fah\u0131s, \u00e7\u0131kar\u0131ld\u0131\u011f\u0131 mahkemece tutuklanarak&#8230;<\/p>\n","protected":false},"author":1,"featured_media":49778,"comment_status":"open","ping_status":"open","sticky":false,"template":"","format":"standard","meta":{"_crdt_document":"","footnotes":""},"categories":[5],"tags":[],"class_list":["post-49777","post","type-post","status-publish","format-standard","has-post-thumbnail","hentry","category-asayis"],"_links":{"self":[{"href":"https:\/\/www.egemtv.com\/index.php?rest_route=\/wp\/v2\/posts\/49777","targetHints":{"allow":["GET"]}}],"collection":[{"href":"https:\/\/www.egemtv.com\/index.php?rest_route=\/wp\/v2\/posts"}],"about":[{"href":"https:\/\/www.egemtv.com\/index.php?rest_route=\/wp\/v2\/types\/post"}],"author":[{"embeddable":true,"href":"https:\/\/www.egemtv.com\/index.php?rest_route=\/wp\/v2\/users\/1"}],"replies":[{"embeddable":true,"href":"https:\/\/www.egemtv.com\/index.php?rest_route=%2Fwp%2Fv2%2Fcomments&post=49777"}],"version-history":[{"count":1,"href":"https:\/\/www.egemtv.com\/index.php?rest_route=\/wp\/v2\/posts\/49777\/revisions"}],"predecessor-version":[{"id":49779,"href":"https:\/\/www.egemtv.com\/index.php?rest_route=\/wp\/v2\/posts\/49777\/revisions\/49779"}],"wp:featuredmedia":[{"embeddable":true,"href":"https:\/\/www.egemtv.com\/index.php?rest_route=\/wp\/v2\/media\/49778"}],"wp:attachment":[{"href":"https:\/\/www.egemtv.com\/index.php?rest_route=%2Fwp%2Fv2%2Fmedia&parent=49777"}],"wp:term":[{"taxonomy":"category","embeddable":true,"href":"https:\/\/www.egemtv.com\/index.php?rest_route=%2Fwp%2Fv2%2Fcategories&post=49777"},{"taxonomy":"post_tag","embeddable":true,"href":"https:\/\/www.egemtv.com\/index.php?rest_route=%2Fwp%2Fv2%2Ftags&post=49777"}],"curies":[{"name":"wp","href":"https:\/\/api.w.org\/{rel}","templated":true}]}}