{"id":49774,"date":"2025-08-19T12:54:57","date_gmt":"2025-08-19T09:54:57","guid":{"rendered":"https:\/\/www.egemtv.com\/?p=49774"},"modified":"2025-08-19T12:54:58","modified_gmt":"2025-08-19T09:54:58","slug":"usak-universitesinden-3-genc-nesiller-yarisiyor-proje-yarismasi","status":"publish","type":"post","link":"https:\/\/www.egemtv.com\/?p=49774","title":{"rendered":"U\u015fak \u00dcniversitesi\u2019nden &#8220;3. Gen\u00e7 Nesiller Yar\u0131\u015f\u0131yor&#8221; proje yar\u0131\u015fmas\u0131"},"content":{"rendered":"<p>U\u015fak \u00dcniversitesi taraf\u0131ndan &#8220;3. Gen\u00e7 Nesiller Yar\u0131\u015f\u0131yor&#8221; proje yar\u0131\u015fmas\u0131 d\u00fczenlenecek. Yar\u0131\u015fmaya; yenilik\u00e7i, \u00fclke ekonomisine katk\u0131 sa\u011flayacak m\u00fchendislik, mimarl\u0131k, bilgi i\u015flem teknolojileri, nanoteknoloji, biyoteknoloji, teknoloji bilimleri, e\u011fitim teknolojileri ve di\u011fer alanlar\u0131ndaki \u00f6\u011frenci projeleri kabul edilecek. \u00d6\u011frencilere, proje k\u00fclt\u00fcr\u00fcn\u00fcn a\u015f\u0131lanmas\u0131 ve b\u00f6lgede proje k\u00fclt\u00fcr\u00fcn\u00fcn yay\u0131lmas\u0131 amac\u0131yla U\u015fak \u00dcniversitesi ev sahipli\u011finde ger\u00e7ekle\u015ftirilecek olan etkinli\u011fe \u00f6n lisans, lisans ve lisans\u00fcst\u00fc \u00f6\u011frencilerinin ba\u015fvurular\u0131 kabul edilecek.<br \/>\n<br \/>U\u015fak \u00dcniversitesi Rekt\u00f6r\u00fc Prof. Dr. Ekrem Sava\u015f, 3\u2019\u00fcnc\u00fcs\u00fcn\u00fc d\u00fczenleyecekleri proje yar\u0131\u015fmas\u0131n\u0131n, proje yar\u0131\u015fmalar\u0131n\u0131 ve ara\u015ft\u0131rma projelerini art\u0131rmaya y\u00f6nelik bir faaliyet oldu\u011funu belirtti.  Yar\u0131\u015fmaya kat\u0131lacak projelerin aras\u0131ndan yerli ve yabanc\u0131 pazarda kal\u0131c\u0131 \u015fekilde yer bulmam\u0131z\u0131 sa\u011flayacak projelerin ortaya \u00e7\u0131kmas\u0131n\u0131, \u00dclkemizin Ar-Ge \u00e7al\u0131\u015fmalar\u0131na katk\u0131s\u0131 olmas\u0131n\u0131, bununla beraber katma de\u011feri y\u00fcksek \u00fcr\u00fcnler \u00fcretilebilmesini temenni ettiklerini ifade eden Rekt\u00f6r Prof. Dr. Sava\u015f, projelerin sonucunda \u00e7\u0131kacak \u00fcr\u00fcnlerin ilimizin ve \u00fclkemizin hizmetine sunulmas\u0131na U\u015fak \u00dcniversitesi olarak arac\u0131 olman\u0131n gurur verici oldu\u011funu belirtti.<br \/>\n<br \/>Son 2 y\u0131lda 245 T\u00dcB\u0130TAK \u00f6\u011frenci projemiz kabul edildi<br \/>\n<br \/>\u00d6zellikle \u00f6\u011frencilerin proje k\u00fclt\u00fcr\u00fcn\u00fc benimsemesinin kendileri i\u00e7in \u00e7ok \u00f6nemli oldu\u011funa dikkati \u00e7eken Rekt\u00f6r Sava\u015f, \u2018\u2018Son y\u0131llarda T\u00dcB\u0130TAK 2209 lisans \u00f6\u011frenci projelerinde yapt\u0131\u011f\u0131m\u0131z hamlelerle bunu kan\u0131tlad\u0131k. Son 2 y\u0131lda toplam 245 adet T\u00dcB\u0130TAK 2209 lisans \u00f6\u011frenci projemiz kabul edildi. Bu say\u0131 her y\u0131l giderek artmaktad\u0131r. \u00d6\u011frencilerimizin bilim ve teknolojiye ilgilerinin artmas\u0131, teknoloji giri\u015fimcili\u011fi ekosistemine dahil olma \u00e7abalar\u0131 \u00fclkemizin teknolojik ve ekonomik ilerlemesi i\u00e7in de son derece \u00f6nemlidir.\u2019\u2019 dedi.<br \/>\n<br \/>Yar\u0131\u015fmaya 5 Ekim\u2019e kadar ba\u015fvurulabilecek<br \/>\n<br \/>Bu y\u0131l d\u00fczenlenecek proje yar\u0131\u015fmas\u0131na 5 Ekim 2025 tarihine kadar ba\u015fvuru yap\u0131labilecek. Finalistler 26 Ekim 2025 tarihinde a\u00e7\u0131klanacak ve \u00f6d\u00fcl t\u00f6reni 4 Kas\u0131m 2025 tarihinde ger\u00e7ekle\u015ftirilecek. Yar\u0131\u015fmada birinciye 33 bin TL, ikinciye 27 bin TL, \u00fc\u00e7\u00fcnc\u00fcye 22 bin TL ve 6 adet mansiyon \u00f6d\u00fcl\u00fcne de 7 bin 500 TL verilecek. Yar\u0131\u015fmaya kat\u0131lmak i\u00e7in https:\/\/gencnesilleryarisiyor.usak.edu.tr adresinde yer alan ba\u015fvuru formunun doldurulmas\u0131 gerekmektedir.<br \/>\n<br \/>Proje yar\u0131\u015fmas\u0131n\u0131n ilkinde finale kalan 21 projenin poster sunumlar\u0131 yap\u0131lm\u0131\u015f ve ilk 3 ba\u015far\u0131l\u0131 projeye \u00f6d\u00fclleri verilmi\u015fti. Proje yar\u0131\u015fmas\u0131n\u0131n ikincisinde 21 \u00fcniversiteden 43 proje de\u011ferlendirilmi\u015f ve 9 proje finale kalm\u0131\u015ft\u0131. Yar\u0131\u015fma sonucunda 3 projeye \u00f6d\u00fclleri ve 6 projeye de mansiyon \u00f6d\u00fclleri d\u00fczenlenen t\u00f6renle verilmi\u015fti.<br \/><\/p>\n","protected":false},"excerpt":{"rendered":"<p>U\u015fak \u00dcniversitesi taraf\u0131ndan &#8220;3. Gen\u00e7 Nesiller Yar\u0131\u015f\u0131yor&#8221; proje yar\u0131\u015fmas\u0131 d\u00fczenlenecek. Yar\u0131\u015fmaya; yenilik\u00e7i, \u00fclke ekonomisine katk\u0131 sa\u011flayacak m\u00fchendislik, mimarl\u0131k, bilgi i\u015flem teknolojileri, nanoteknoloji, biyoteknoloji, teknoloji bilimleri, e\u011fitim teknolojileri ve di\u011fer alanlar\u0131ndaki \u00f6\u011frenci projeleri kabul edilecek. \u00d6\u011frencilere, proje k\u00fclt\u00fcr\u00fcn\u00fcn a\u015f\u0131lanmas\u0131 ve b\u00f6lgede proje k\u00fclt\u00fcr\u00fcn\u00fcn yay\u0131lmas\u0131 amac\u0131yla U\u015fak \u00dcniversitesi ev sahipli\u011finde ger\u00e7ekle\u015ftirilecek olan etkinli\u011fe \u00f6n lisans, lisans ve&#8230;<\/p>\n","protected":false},"author":1,"featured_media":49775,"comment_status":"open","ping_status":"open","sticky":false,"template":"","format":"standard","meta":{"_crdt_document":"","footnotes":""},"categories":[1],"tags":[],"class_list":["post-49774","post","type-post","status-publish","format-standard","has-post-thumbnail","hentry","category-guncel"],"_links":{"self":[{"href":"https:\/\/www.egemtv.com\/index.php?rest_route=\/wp\/v2\/posts\/49774","targetHints":{"allow":["GET"]}}],"collection":[{"href":"https:\/\/www.egemtv.com\/index.php?rest_route=\/wp\/v2\/posts"}],"about":[{"href":"https:\/\/www.egemtv.com\/index.php?rest_route=\/wp\/v2\/types\/post"}],"author":[{"embeddable":true,"href":"https:\/\/www.egemtv.com\/index.php?rest_route=\/wp\/v2\/users\/1"}],"replies":[{"embeddable":true,"href":"https:\/\/www.egemtv.com\/index.php?rest_route=%2Fwp%2Fv2%2Fcomments&post=49774"}],"version-history":[{"count":1,"href":"https:\/\/www.egemtv.com\/index.php?rest_route=\/wp\/v2\/posts\/49774\/revisions"}],"predecessor-version":[{"id":49776,"href":"https:\/\/www.egemtv.com\/index.php?rest_route=\/wp\/v2\/posts\/49774\/revisions\/49776"}],"wp:featuredmedia":[{"embeddable":true,"href":"https:\/\/www.egemtv.com\/index.php?rest_route=\/wp\/v2\/media\/49775"}],"wp:attachment":[{"href":"https:\/\/www.egemtv.com\/index.php?rest_route=%2Fwp%2Fv2%2Fmedia&parent=49774"}],"wp:term":[{"taxonomy":"category","embeddable":true,"href":"https:\/\/www.egemtv.com\/index.php?rest_route=%2Fwp%2Fv2%2Fcategories&post=49774"},{"taxonomy":"post_tag","embeddable":true,"href":"https:\/\/www.egemtv.com\/index.php?rest_route=%2Fwp%2Fv2%2Ftags&post=49774"}],"curies":[{"name":"wp","href":"https:\/\/api.w.org\/{rel}","templated":true}]}}