{"id":49771,"date":"2025-08-19T12:54:56","date_gmt":"2025-08-19T09:54:56","guid":{"rendered":"https:\/\/www.egemtv.com\/?p=49771"},"modified":"2025-08-19T12:54:57","modified_gmt":"2025-08-19T09:54:57","slug":"usak-fen-lisesi-ogrencisi-uluslararasi-cografya-olimpiyatinda-bronz-madalya-kazandi","status":"publish","type":"post","link":"https:\/\/www.egemtv.com\/?p=49771","title":{"rendered":"U\u015fak Fen Lisesi \u00d6\u011frencisi Uluslararas\u0131 Co\u011frafya Olimpiyat\u0131nda bronz madalya kazand\u0131"},"content":{"rendered":"<p>Tayland\u2019\u0131n ba\u015fkenti Bangkok\u2019ta d\u00fczenlenen 21. Uluslararas\u0131 Co\u011frafya Olimpiyat\u0131\u2019nda (iGeo 2025) T\u00fcrkiye\u2019yi temsil eden U\u015fak Fen Lisesi \u00f6\u011frencisi Kayra S\u00f6nmez, &#8220;Bronz Madalya&#8221; elde etti.<\/p>\n<p>Tayland\u2019\u0131n ba\u015fkenti Bangkok\u2019ta d\u00fczenlenen 21. Uluslararas\u0131 Co\u011frafya Olimpiyat\u0131 (iGeo 2025)\u2019nda T\u00fcrkiye\u2019yi ba\u015far\u0131yla temsil eden U\u015fak Fen Lisesi \u00f6\u011frencisi Kayra S\u00f6nmez, &#8220;Bronz Madalya&#8221; kazand\u0131.<br \/>\n<br \/>U\u015fak Valili\u011fi, sosyal medya hesab\u0131ndan yapt\u0131\u011f\u0131 payla\u015f\u0131mda, Kayra S\u00f6nmez ve Dan\u0131\u015fman \u00d6\u011fretmeni Mehmet Karag\u00f6z\u2019\u00fc tebrik ederek ba\u015far\u0131lar\u0131n\u0131n devam\u0131n\u0131 diledi. Payla\u015f\u0131mda, &#8220;Kayra S\u00f6nmez ve Dan\u0131\u015fman \u00d6\u011fretmenimiz Mehmet Karag\u00f6z\u2019\u00fc tebrik eder, ba\u015far\u0131lar\u0131n\u0131n devam\u0131n\u0131 dilerim&#8221; ifadelerine yer verildi.<br \/><\/p>\n","protected":false},"excerpt":{"rendered":"<p>Tayland\u2019\u0131n ba\u015fkenti Bangkok\u2019ta d\u00fczenlenen 21. Uluslararas\u0131 Co\u011frafya Olimpiyat\u0131\u2019nda (iGeo 2025) T\u00fcrkiye\u2019yi temsil eden U\u015fak Fen Lisesi \u00f6\u011frencisi Kayra S\u00f6nmez, &#8220;Bronz Madalya&#8221; elde etti. Tayland\u2019\u0131n ba\u015fkenti Bangkok\u2019ta d\u00fczenlenen 21. Uluslararas\u0131 Co\u011frafya Olimpiyat\u0131 (iGeo 2025)\u2019nda T\u00fcrkiye\u2019yi ba\u015far\u0131yla temsil eden U\u015fak Fen Lisesi \u00f6\u011frencisi Kayra S\u00f6nmez, &#8220;Bronz Madalya&#8221; kazand\u0131. U\u015fak Valili\u011fi, sosyal medya hesab\u0131ndan yapt\u0131\u011f\u0131 payla\u015f\u0131mda, Kayra S\u00f6nmez&#8230;<\/p>\n","protected":false},"author":1,"featured_media":49772,"comment_status":"open","ping_status":"open","sticky":false,"template":"","format":"standard","meta":{"_crdt_document":"","footnotes":""},"categories":[1],"tags":[],"class_list":["post-49771","post","type-post","status-publish","format-standard","has-post-thumbnail","hentry","category-guncel"],"_links":{"self":[{"href":"https:\/\/www.egemtv.com\/index.php?rest_route=\/wp\/v2\/posts\/49771","targetHints":{"allow":["GET"]}}],"collection":[{"href":"https:\/\/www.egemtv.com\/index.php?rest_route=\/wp\/v2\/posts"}],"about":[{"href":"https:\/\/www.egemtv.com\/index.php?rest_route=\/wp\/v2\/types\/post"}],"author":[{"embeddable":true,"href":"https:\/\/www.egemtv.com\/index.php?rest_route=\/wp\/v2\/users\/1"}],"replies":[{"embeddable":true,"href":"https:\/\/www.egemtv.com\/index.php?rest_route=%2Fwp%2Fv2%2Fcomments&post=49771"}],"version-history":[{"count":1,"href":"https:\/\/www.egemtv.com\/index.php?rest_route=\/wp\/v2\/posts\/49771\/revisions"}],"predecessor-version":[{"id":49773,"href":"https:\/\/www.egemtv.com\/index.php?rest_route=\/wp\/v2\/posts\/49771\/revisions\/49773"}],"wp:featuredmedia":[{"embeddable":true,"href":"https:\/\/www.egemtv.com\/index.php?rest_route=\/wp\/v2\/media\/49772"}],"wp:attachment":[{"href":"https:\/\/www.egemtv.com\/index.php?rest_route=%2Fwp%2Fv2%2Fmedia&parent=49771"}],"wp:term":[{"taxonomy":"category","embeddable":true,"href":"https:\/\/www.egemtv.com\/index.php?rest_route=%2Fwp%2Fv2%2Fcategories&post=49771"},{"taxonomy":"post_tag","embeddable":true,"href":"https:\/\/www.egemtv.com\/index.php?rest_route=%2Fwp%2Fv2%2Ftags&post=49771"}],"curies":[{"name":"wp","href":"https:\/\/api.w.org\/{rel}","templated":true}]}}