{"id":49768,"date":"2025-08-19T12:34:53","date_gmt":"2025-08-19T09:34:53","guid":{"rendered":"https:\/\/www.egemtv.com\/?p=49768"},"modified":"2025-08-19T12:34:54","modified_gmt":"2025-08-19T09:34:54","slug":"muski-bodruma-gunluk-21-bin-kisiye-yetebilecek-ilave-su-sagladi","status":"publish","type":"post","link":"https:\/\/www.egemtv.com\/?p=49768","title":{"rendered":"MUSK\u0130, Bodrum\u2019a g\u00fcnl\u00fck 21 bin ki\u015fiye yetebilecek ilave su sa\u011flad\u0131"},"content":{"rendered":"<p>Mu\u011fla B\u00fcy\u00fck\u015fehir Belediyesi MUSK\u0130 Genel M\u00fcd\u00fcrl\u00fc\u011f\u00fc, Bodrum Mumcular \u0130\u00e7me Suyu Ar\u0131tma Tesisinde yapt\u0131\u011f\u0131 \u00e7al\u0131\u015fma ile g\u00fcnl\u00fck yakla\u015f\u0131k 21 bin ki\u015finin ihtiyac\u0131n\u0131 kar\u015f\u0131layacak miktarda ilave su aktar\u0131m\u0131 sa\u011flayan projeyi hayata ge\u00e7irdi.<br \/>\n<br \/>Mu\u011fla B\u00fcy\u00fck\u015fehir Belediyesi Su ve Kanalizasyon \u0130daresi (MUSK\u0130) Genel M\u00fcd\u00fcrl\u00fc\u011f\u00fc Bodrum\u2019da ya\u015fanan su s\u0131k\u0131nt\u0131lar\u0131n\u0131 gidermek i\u00e7in \u00e7al\u0131\u015fmalar\u0131na devam ediyor. Ekipler b\u00f6lgede s\u00fcrekli patlaklar\u0131n ya\u015fand\u0131\u011f\u0131 ana isale hatlar\u0131n yenileme \u00e7al\u0131\u015fmalar\u0131n\u0131n yan\u0131 s\u0131ra ilave su sa\u011flamak i\u00e7in farkl\u0131 projeleri de hayata ge\u00e7iriyor.<br \/>\n<br \/>Son olarak MUSK\u0130 taraf\u0131ndan Bodrum\u2019un su arz\u0131na katk\u0131 sa\u011flamak i\u00e7in \u00f6nemli bir ad\u0131m at\u0131ld\u0131. \u00c7al\u0131\u015fmalar kapsam\u0131nda Mumcular \u0130\u00e7me Suyu Ar\u0131tma Tesisi iletim hatt\u0131 ve pompa istasyonunda yap\u0131lan revizyon ve yeni imalat sonras\u0131nda Bodrum\u2019a ek 60 litre\/saniye i\u00e7me suyu sa\u011fland\u0131.<br \/>\n<br \/>Bu kapasite art\u0131\u015f\u0131 sayesinde Bodrum\u2019da ilave olarak g\u00fcnl\u00fck yakla\u015f\u0131k 21 bin vatanda\u015f\u0131n su ihtiyac\u0131 kar\u015f\u0131lanabilir hale geldi. Yaz aylar\u0131nda artan n\u00fcfus ve t\u00fcketim yo\u011funlu\u011fu nedeniyle s\u0131k\u00e7a g\u00fcndeme gelen su arz\u0131 sorununa bu \u00e7al\u0131\u015fma ile \u00f6nemli bir katk\u0131 sa\u011flanm\u0131\u015f oldu.<br \/>\n<br \/>MUSK\u0130 Genel M\u00fcd\u00fcr\u00fc \u015eeng\u00fcl, &#8220;Bodrum\u2019da kal\u0131c\u0131 \u00e7\u00f6z\u00fcmler i\u00e7in \u00e7al\u0131\u015f\u0131yoruz&#8221;<br \/>\n<br \/>Konu hakk\u0131nda a\u00e7\u0131klamalarda bulunan MUSK\u0130 Genel M\u00fcd\u00fcr\u00fc Y\u0131lmaz \u015eeng\u00fcl, Bodrum\u2019un su s\u0131k\u0131nt\u0131lar\u0131n\u0131 gidermek i\u00e7in \u00e7al\u0131\u015fmalar\u0131na devam ettiklerini ve y\u0131llard\u0131r devam eden bu sorunlar\u0131n \u00e7\u00f6z\u00fcm\u00fc i\u00e7in kendilerine d\u00fc\u015fen g\u00f6rev sorumluluklar\u0131 yerine getireceklerini s\u00f6yledi. \u015eeng\u00fcl, &#8220;Bodrum\u2019da uzun y\u0131llard\u0131r devam eden bir su sorunu mevcut. Bizler \u00f6zellikle B\u00fcy\u00fck\u015fehir Belediye Ba\u015fkan\u0131m\u0131z Say\u0131n Ahmet Aras\u2019\u0131n bu sorunlar\u0131n \u00e7\u00f6z\u00fclmesine dair g\u00f6sterdi\u011fi irade sayesinde \u00f6nemli \u00e7al\u0131\u015fmalar yapt\u0131k. \u00d6zellikle s\u00fcrekli ar\u0131zalanarak patlayan ana isale hatlar\u0131n\u0131n \u00f6nemli bir k\u0131sm\u0131n\u0131 yeniledik ve yenilemeye devam ediyoruz. Ayr\u0131ca ilave su kaynaklar\u0131 ve mevcut sistemlerimizin iyile\u015fmesini sa\u011fl\u0131yoruz. Mumcular i\u00e7me suyu ar\u0131tma tesisinde yapt\u0131\u011f\u0131m\u0131z revizyon yaln\u0131zca mevcut kapasitenin daha verimli kullan\u0131lmas\u0131n\u0131 de\u011fil ayn\u0131 zamanda Bodrum\u2019un uzun s\u00fcredir ya\u015fad\u0131\u011f\u0131 su s\u0131k\u0131nt\u0131lar\u0131na y\u00f6nelik kal\u0131c\u0131 \u00e7\u00f6z\u00fcmlerin bir par\u00e7as\u0131 olacak. Bu \u00e7al\u0131\u015fma ile ayr\u0131ca mevcut kapasiteye ek g\u00fcnl\u00fck su aktar\u0131m\u0131n\u0131 21 bin ki\u015fiye yetebilecek miktarda artt\u0131rd\u0131k. B\u00f6ylece il\u00e7ede uzun vadeli \u00e7\u00f6z\u00fcmlerin \u00f6nemli bir ad\u0131m\u0131n\u0131 att\u0131k&#8221; dedi.<br \/>\n<br \/>Ba\u015fkan Aras, &#8220;Bodrum\u2019un su sorunlar\u0131n\u0131n \u00e7\u00f6z\u00fcm\u00fc i\u00e7in farkl\u0131 alternatifler \u00fczerinde \u00e7al\u0131\u015f\u0131yoruz&#8221;<br \/>\n<br \/>Mu\u011fla B\u00fcy\u00fck\u015fehir Belediye Ba\u015fkan\u0131 Ahmet Aras, yap\u0131lan \u00e7al\u0131\u015fman\u0131n Bodrum i\u00e7in b\u00fcy\u00fck \u00f6nem ta\u015f\u0131d\u0131\u011f\u0131n\u0131 belirterek \u015funlar\u0131 s\u00f6yledi. &#8220;Bodrum\u2019da \u00f6zellikle yaz aylar\u0131nda artan n\u00fcfusla birlikte su ihtiyac\u0131n\u0131n kar\u015f\u0131lanmas\u0131 her zaman \u00f6ncelikli konular\u0131m\u0131zdan biri oldu. Mumcular \u0130\u00e7me Suyu Ar\u0131tma Tesisinde yapt\u0131\u011f\u0131m\u0131z bu revizyon ve yeni imalatlarla Bodrum\u2019a saniyede 60 litre ek su sa\u011flad\u0131k. Bu miktar g\u00fcnl\u00fck 20 binden fazla vatanda\u015f\u0131m\u0131z\u0131n ihtiyac\u0131n\u0131 kar\u015f\u0131l\u0131yor. Bu sadece teknik bir \u00e7al\u0131\u015fma de\u011fil, Bodrum\u2019un gelece\u011fi i\u00e7in at\u0131lm\u0131\u015f \u00f6nemli bir ad\u0131md\u0131r. Su kaynaklar\u0131m\u0131z\u0131 koruyarak, modern teknolojileri kullanarak Bodrum\u2019un su sorununu \u00e7\u00f6zmekte kararl\u0131y\u0131z. Sadece Bodrum de\u011fil 13 \u0130l\u00e7emizde de bu t\u00fcr yat\u0131r\u0131mlar\u0131 hayata ge\u00e7iriyoruz. \u0130\u00e7me suyu altyap\u0131s\u0131n\u0131n geli\u015ftirilmesi, kanalizasyon sistemlerinin iyile\u015ftirilmesi ve ar\u0131tma kapasitesinin artt\u0131r\u0131lmas\u0131 gibi konularda yapt\u0131\u011f\u0131m\u0131z projelerle kentimizi gelece\u011fe haz\u0131rl\u0131yoruz. Altyap\u0131s\u0131 g\u00fc\u00e7l\u00fc bir kent olu\u015fturmak ve kurakl\u0131\u011f\u0131n ba\u015f g\u00f6sterdi\u011fi bu g\u00fcnlerde kesintisiz i\u00e7me suyu hizmeti sa\u011flayarak vatanda\u015flar\u0131m\u0131z\u0131n bu durumdan en az \u015fekilde etkilenmesini sa\u011flamak en b\u00fcy\u00fck amac\u0131m\u0131z. Ar\u0131zal\u0131 hatlar\u0131n yenilenmesi, ilave su kaynaklar\u0131n\u0131n sa\u011flanmas\u0131, denizden su elde edilmesi gibi alternatif \u00e7\u00f6z\u00fcmler ortaya koyuyoruz. Vatanda\u015flar\u0131m\u0131z\u0131n rahat ve kesintisiz bir \u015fekilde suya ula\u015fmas\u0131 i\u00e7in \u00e7al\u0131\u015fmalar\u0131m\u0131za devam edece\u011fiz&#8221;<br \/><\/p>\n","protected":false},"excerpt":{"rendered":"<p>Mu\u011fla B\u00fcy\u00fck\u015fehir Belediyesi MUSK\u0130 Genel M\u00fcd\u00fcrl\u00fc\u011f\u00fc, Bodrum Mumcular \u0130\u00e7me Suyu Ar\u0131tma Tesisinde yapt\u0131\u011f\u0131 \u00e7al\u0131\u015fma ile g\u00fcnl\u00fck yakla\u015f\u0131k 21 bin ki\u015finin ihtiyac\u0131n\u0131 kar\u015f\u0131layacak miktarda ilave su aktar\u0131m\u0131 sa\u011flayan projeyi hayata ge\u00e7irdi. Mu\u011fla B\u00fcy\u00fck\u015fehir Belediyesi Su ve Kanalizasyon \u0130daresi (MUSK\u0130) Genel M\u00fcd\u00fcrl\u00fc\u011f\u00fc Bodrum\u2019da ya\u015fanan su s\u0131k\u0131nt\u0131lar\u0131n\u0131 gidermek i\u00e7in \u00e7al\u0131\u015fmalar\u0131na devam ediyor. Ekipler b\u00f6lgede s\u00fcrekli patlaklar\u0131n ya\u015fand\u0131\u011f\u0131 ana&#8230;<\/p>\n","protected":false},"author":1,"featured_media":49769,"comment_status":"open","ping_status":"open","sticky":false,"template":"","format":"standard","meta":{"_crdt_document":"","footnotes":""},"categories":[2],"tags":[],"class_list":["post-49768","post","type-post","status-publish","format-standard","has-post-thumbnail","hentry","category-saglik"],"_links":{"self":[{"href":"https:\/\/www.egemtv.com\/index.php?rest_route=\/wp\/v2\/posts\/49768","targetHints":{"allow":["GET"]}}],"collection":[{"href":"https:\/\/www.egemtv.com\/index.php?rest_route=\/wp\/v2\/posts"}],"about":[{"href":"https:\/\/www.egemtv.com\/index.php?rest_route=\/wp\/v2\/types\/post"}],"author":[{"embeddable":true,"href":"https:\/\/www.egemtv.com\/index.php?rest_route=\/wp\/v2\/users\/1"}],"replies":[{"embeddable":true,"href":"https:\/\/www.egemtv.com\/index.php?rest_route=%2Fwp%2Fv2%2Fcomments&post=49768"}],"version-history":[{"count":1,"href":"https:\/\/www.egemtv.com\/index.php?rest_route=\/wp\/v2\/posts\/49768\/revisions"}],"predecessor-version":[{"id":49770,"href":"https:\/\/www.egemtv.com\/index.php?rest_route=\/wp\/v2\/posts\/49768\/revisions\/49770"}],"wp:featuredmedia":[{"embeddable":true,"href":"https:\/\/www.egemtv.com\/index.php?rest_route=\/wp\/v2\/media\/49769"}],"wp:attachment":[{"href":"https:\/\/www.egemtv.com\/index.php?rest_route=%2Fwp%2Fv2%2Fmedia&parent=49768"}],"wp:term":[{"taxonomy":"category","embeddable":true,"href":"https:\/\/www.egemtv.com\/index.php?rest_route=%2Fwp%2Fv2%2Fcategories&post=49768"},{"taxonomy":"post_tag","embeddable":true,"href":"https:\/\/www.egemtv.com\/index.php?rest_route=%2Fwp%2Fv2%2Ftags&post=49768"}],"curies":[{"name":"wp","href":"https:\/\/api.w.org\/{rel}","templated":true}]}}