{"id":49765,"date":"2025-08-19T12:15:02","date_gmt":"2025-08-19T09:15:02","guid":{"rendered":"https:\/\/www.egemtv.com\/?p=49765"},"modified":"2025-08-19T12:15:03","modified_gmt":"2025-08-19T09:15:03","slug":"gediz-belediyesinden-cevre-temizligi-icin-mizahi-uyari-kirleten-temizler","status":"publish","type":"post","link":"https:\/\/www.egemtv.com\/?p=49765","title":{"rendered":"Gediz Belediyesi\u2019nden \u00e7evre temizli\u011fi i\u00e7in mizahi uyar\u0131: &#8220;Kirleten temizler!&#8221;"},"content":{"rendered":"<p>K\u00fctahya\u2019n\u0131n Gediz \u0130l\u00e7e Belediyesi, il\u00e7e genelindeki temizlik \u00e7al\u0131\u015fmalar\u0131n\u0131 s\u00fcrd\u00fcr\u00fcrken, \u00f6zellikle halka a\u00e7\u0131k alanlarda ya\u015fanan kirlili\u011fe dikkat \u00e7ekmek i\u00e7in mizahi bir video kampanyas\u0131 ba\u015flatt\u0131.<br \/>\n<br \/>Vatanda\u015flar\u0131n Cumhuriyet Caddesi\u2019ndeki banklar ve Adnan Menderes Ya\u015fam Park\u0131\u2019ndaki \u00e7ardaklarda otururken kabuklu yemi\u015fleri yerlere atmas\u0131, hem temizlik ekiplerini zorluyor hem de \u00e7evreye duyarl\u0131 vatanda\u015flar\u0131n tepkisini \u00e7ekiyor. Bu soruna \u00e7\u00f6z\u00fcm bulmak amac\u0131yla belediye, &#8220;Kirleten Temizler&#8221; slogan\u0131yla fark\u0131ndal\u0131k olu\u015fturmay\u0131 hedefliyor.<br \/>\n<br \/>Belediye Ba\u015fkan\u0131 Necdet Akel, konuya ili\u015fkin yapt\u0131\u011f\u0131 a\u00e7\u0131klamada, &#8220;Gediz\u2019in daha temiz ve daha ya\u015fanabilir bir il\u00e7e olmas\u0131 i\u00e7in gece g\u00fcnd\u00fcz \u00e7al\u0131\u015f\u0131yoruz. Ancak baz\u0131 vatanda\u015flar\u0131m\u0131z\u0131n dikkatsizli\u011fi nedeniyle \u00f6zellikle parklar\u0131m\u0131z ve caddelerimiz kirleniyor. \u2019\u00c7ekirdek \u00e7itlemek kolay, peki ya sonras\u0131?\u2019 diyerek bu konuya dikkat \u00e7ekmeye \u00e7al\u0131\u015ft\u0131k. Temizlik ekiplerimizin i\u015fini kolayla\u015ft\u0131rmak ve halk\u0131m\u0131zda \u00e7evre bilincini art\u0131rmak amac\u0131yla b\u00f6yle bir mizahi video haz\u0131rlad\u0131k&#8221; dedi.<br \/>\n<br \/>Ba\u015fkan Akel, haz\u0131rlanan videoda zab\u0131ta ve temizlik ekiplerinin kurallar\u0131 de\u011fi\u015ftirdi\u011fini ve kirletenlerin kendi \u00e7\u00f6plerini temizlemek zorunda kald\u0131\u011f\u0131n\u0131 g\u00f6steren bir kurgu ile vatanda\u015flar\u0131 uyard\u0131klar\u0131n\u0131 belirtti. Bu kampanya ile hem \u00e7evre temizli\u011finin \u00f6nemi vurgulan\u0131yor hem de vatanda\u015flar, il\u00e7enin ortak ya\u015fam alanlar\u0131n\u0131 koruma konusunda te\u015fvik ediliyor.<br \/><\/p>\n","protected":false},"excerpt":{"rendered":"<p>K\u00fctahya\u2019n\u0131n Gediz \u0130l\u00e7e Belediyesi, il\u00e7e genelindeki temizlik \u00e7al\u0131\u015fmalar\u0131n\u0131 s\u00fcrd\u00fcr\u00fcrken, \u00f6zellikle halka a\u00e7\u0131k alanlarda ya\u015fanan kirlili\u011fe dikkat \u00e7ekmek i\u00e7in mizahi bir video kampanyas\u0131 ba\u015flatt\u0131. Vatanda\u015flar\u0131n Cumhuriyet Caddesi\u2019ndeki banklar ve Adnan Menderes Ya\u015fam Park\u0131\u2019ndaki \u00e7ardaklarda otururken kabuklu yemi\u015fleri yerlere atmas\u0131, hem temizlik ekiplerini zorluyor hem de \u00e7evreye duyarl\u0131 vatanda\u015flar\u0131n tepkisini \u00e7ekiyor. Bu soruna \u00e7\u00f6z\u00fcm bulmak amac\u0131yla belediye,&#8230;<\/p>\n","protected":false},"author":1,"featured_media":49766,"comment_status":"open","ping_status":"open","sticky":false,"template":"","format":"standard","meta":{"_crdt_document":"","footnotes":""},"categories":[1],"tags":[],"class_list":["post-49765","post","type-post","status-publish","format-standard","has-post-thumbnail","hentry","category-guncel"],"_links":{"self":[{"href":"https:\/\/www.egemtv.com\/index.php?rest_route=\/wp\/v2\/posts\/49765","targetHints":{"allow":["GET"]}}],"collection":[{"href":"https:\/\/www.egemtv.com\/index.php?rest_route=\/wp\/v2\/posts"}],"about":[{"href":"https:\/\/www.egemtv.com\/index.php?rest_route=\/wp\/v2\/types\/post"}],"author":[{"embeddable":true,"href":"https:\/\/www.egemtv.com\/index.php?rest_route=\/wp\/v2\/users\/1"}],"replies":[{"embeddable":true,"href":"https:\/\/www.egemtv.com\/index.php?rest_route=%2Fwp%2Fv2%2Fcomments&post=49765"}],"version-history":[{"count":1,"href":"https:\/\/www.egemtv.com\/index.php?rest_route=\/wp\/v2\/posts\/49765\/revisions"}],"predecessor-version":[{"id":49767,"href":"https:\/\/www.egemtv.com\/index.php?rest_route=\/wp\/v2\/posts\/49765\/revisions\/49767"}],"wp:featuredmedia":[{"embeddable":true,"href":"https:\/\/www.egemtv.com\/index.php?rest_route=\/wp\/v2\/media\/49766"}],"wp:attachment":[{"href":"https:\/\/www.egemtv.com\/index.php?rest_route=%2Fwp%2Fv2%2Fmedia&parent=49765"}],"wp:term":[{"taxonomy":"category","embeddable":true,"href":"https:\/\/www.egemtv.com\/index.php?rest_route=%2Fwp%2Fv2%2Fcategories&post=49765"},{"taxonomy":"post_tag","embeddable":true,"href":"https:\/\/www.egemtv.com\/index.php?rest_route=%2Fwp%2Fv2%2Ftags&post=49765"}],"curies":[{"name":"wp","href":"https:\/\/api.w.org\/{rel}","templated":true}]}}