{"id":49762,"date":"2025-08-19T12:15:01","date_gmt":"2025-08-19T09:15:01","guid":{"rendered":"https:\/\/www.egemtv.com\/?p=49762"},"modified":"2025-08-19T12:15:02","modified_gmt":"2025-08-19T09:15:02","slug":"gedizde-lavanta-hasadi-basladi","status":"publish","type":"post","link":"https:\/\/www.egemtv.com\/?p=49762","title":{"rendered":"Gediz\u2019de lavanta hasad\u0131 ba\u015flad\u0131"},"content":{"rendered":"<p>K\u00fctahya\u2019n\u0131n Gediz il\u00e7esinde bulunan Adnan Menderes Ya\u015fam Park\u0131\u2019ndaki lavanta bah\u00e7esinde hasat d\u00f6nemi ba\u015flad\u0131.<br \/>\n<br \/>2020 y\u0131l\u0131nda 2 bin metrekarelik alana dikilen lavantalar, hem Gediz\u2019e g\u00f6rsel bir zenginlik kat\u0131yor hem de \u00e7e\u015fitli ihtiya\u00e7lar\u0131 kar\u015f\u0131l\u0131yor. Gediz Belediyesi personeli taraf\u0131ndan her y\u0131l temmuz ve a\u011fustos aylar\u0131nda d\u00fczenli olarak ger\u00e7ekle\u015ftirilen hasatla toplanan lavantalardan ya\u011f, koku ve s\u00fcs e\u015fyalar\u0131 yap\u0131l\u0131yor. Elde edilen bu \u00fcr\u00fcnler, belediye taraf\u0131ndan \u00f6zel g\u00fcnlerde vatanda\u015flara hediye ediliyor. &#8220;Mor bah\u00e7e&#8221; olarak da an\u0131lan lavantalar, yayd\u0131\u011f\u0131 huzur veren kokusu ve g\u00f6z al\u0131c\u0131 mor rengiyle il\u00e7e sakinlerinin b\u00fcy\u00fck be\u011fenisini topluyor.<br \/><\/p>\n","protected":false},"excerpt":{"rendered":"<p>K\u00fctahya\u2019n\u0131n Gediz il\u00e7esinde bulunan Adnan Menderes Ya\u015fam Park\u0131\u2019ndaki lavanta bah\u00e7esinde hasat d\u00f6nemi ba\u015flad\u0131. 2020 y\u0131l\u0131nda 2 bin metrekarelik alana dikilen lavantalar, hem Gediz\u2019e g\u00f6rsel bir zenginlik kat\u0131yor hem de \u00e7e\u015fitli ihtiya\u00e7lar\u0131 kar\u015f\u0131l\u0131yor. Gediz Belediyesi personeli taraf\u0131ndan her y\u0131l temmuz ve a\u011fustos aylar\u0131nda d\u00fczenli olarak ger\u00e7ekle\u015ftirilen hasatla toplanan lavantalardan ya\u011f, koku ve s\u00fcs e\u015fyalar\u0131 yap\u0131l\u0131yor. Elde&#8230;<\/p>\n","protected":false},"author":1,"featured_media":49763,"comment_status":"open","ping_status":"open","sticky":false,"template":"","format":"standard","meta":{"_crdt_document":"","footnotes":""},"categories":[1],"tags":[],"class_list":["post-49762","post","type-post","status-publish","format-standard","has-post-thumbnail","hentry","category-guncel"],"_links":{"self":[{"href":"https:\/\/www.egemtv.com\/index.php?rest_route=\/wp\/v2\/posts\/49762","targetHints":{"allow":["GET"]}}],"collection":[{"href":"https:\/\/www.egemtv.com\/index.php?rest_route=\/wp\/v2\/posts"}],"about":[{"href":"https:\/\/www.egemtv.com\/index.php?rest_route=\/wp\/v2\/types\/post"}],"author":[{"embeddable":true,"href":"https:\/\/www.egemtv.com\/index.php?rest_route=\/wp\/v2\/users\/1"}],"replies":[{"embeddable":true,"href":"https:\/\/www.egemtv.com\/index.php?rest_route=%2Fwp%2Fv2%2Fcomments&post=49762"}],"version-history":[{"count":1,"href":"https:\/\/www.egemtv.com\/index.php?rest_route=\/wp\/v2\/posts\/49762\/revisions"}],"predecessor-version":[{"id":49764,"href":"https:\/\/www.egemtv.com\/index.php?rest_route=\/wp\/v2\/posts\/49762\/revisions\/49764"}],"wp:featuredmedia":[{"embeddable":true,"href":"https:\/\/www.egemtv.com\/index.php?rest_route=\/wp\/v2\/media\/49763"}],"wp:attachment":[{"href":"https:\/\/www.egemtv.com\/index.php?rest_route=%2Fwp%2Fv2%2Fmedia&parent=49762"}],"wp:term":[{"taxonomy":"category","embeddable":true,"href":"https:\/\/www.egemtv.com\/index.php?rest_route=%2Fwp%2Fv2%2Fcategories&post=49762"},{"taxonomy":"post_tag","embeddable":true,"href":"https:\/\/www.egemtv.com\/index.php?rest_route=%2Fwp%2Fv2%2Ftags&post=49762"}],"curies":[{"name":"wp","href":"https:\/\/api.w.org\/{rel}","templated":true}]}}