{"id":49759,"date":"2025-08-19T12:15:00","date_gmt":"2025-08-19T09:15:00","guid":{"rendered":"https:\/\/www.egemtv.com\/?p=49759"},"modified":"2025-08-19T12:15:01","modified_gmt":"2025-08-19T09:15:01","slug":"hisarcikta-yerli-kavun-20-tlden-tezgahta-yerini-aldi","status":"publish","type":"post","link":"https:\/\/www.egemtv.com\/?p=49759","title":{"rendered":"Hisarc\u0131k\u2019ta yerli kavun 20 TL\u2019den tezg\u00e2hta yerini ald\u0131"},"content":{"rendered":"<p>K\u00fctahya\u2019n\u0131n Hisarc\u0131k il\u00e7esi semt pazar\u0131nda yerli kavun kilosu 20 liradan tezg\u00e2htaki yerini ald\u0131.<br \/>\n<br \/>Fahrettin Demir isimli \u00fcreticinin yeti\u015ftirdi\u011fi yerli kavun yo\u011fun talep y\u00fcz\u00fcnden semt pazar\u0131nda \u00f6\u011fle saatlerine kadar t\u00fckeniyor. 30 y\u0131l\u0131 a\u015fk\u0131n s\u00fcredir \u00e7ift\u00e7ilik yapan Fahrettin Demir, bu y\u0131l kiralad\u0131\u011f\u0131 30 d\u00f6n\u00fcm alana kavun ekimi yapt\u0131\u011f\u0131n\u0131 ve yakla\u015f\u0131k 80 ton \u00fcr\u00fcn bekledi\u011fini s\u00f6yledi.<br \/>\n<br \/>\u00dcretici Demir, &#8220;Yeni hasat etti\u011fim yerli kavunun kilosunu bu haftaki pazarda 20 TL\u2019den sat\u0131\u015fa \u00e7\u0131kard\u0131m ve kavunlar k\u0131sa s\u00fcrede t\u00fckendi. Yeti\u015ftirdi\u011fim s\u00fcre\u00e7 i\u00e7erisinde sadece hayvan g\u00fcbresi kulland\u0131\u011f\u0131m i\u00e7in kavunlar\u0131n kendine \u00f6zg\u00fc kokusu ve lezzeti oluyor. Vatanda\u015f bunu bildi\u011fi i\u00e7in yerli kavunu tercih ediyor&#8221; dedi.<br \/><\/p>\n","protected":false},"excerpt":{"rendered":"<p>K\u00fctahya\u2019n\u0131n Hisarc\u0131k il\u00e7esi semt pazar\u0131nda yerli kavun kilosu 20 liradan tezg\u00e2htaki yerini ald\u0131. Fahrettin Demir isimli \u00fcreticinin yeti\u015ftirdi\u011fi yerli kavun yo\u011fun talep y\u00fcz\u00fcnden semt pazar\u0131nda \u00f6\u011fle saatlerine kadar t\u00fckeniyor. 30 y\u0131l\u0131 a\u015fk\u0131n s\u00fcredir \u00e7ift\u00e7ilik yapan Fahrettin Demir, bu y\u0131l kiralad\u0131\u011f\u0131 30 d\u00f6n\u00fcm alana kavun ekimi yapt\u0131\u011f\u0131n\u0131 ve yakla\u015f\u0131k 80 ton \u00fcr\u00fcn bekledi\u011fini s\u00f6yledi. \u00dcretici Demir,&#8230;<\/p>\n","protected":false},"author":1,"featured_media":49760,"comment_status":"open","ping_status":"open","sticky":false,"template":"","format":"standard","meta":{"_crdt_document":"","footnotes":""},"categories":[125],"tags":[],"class_list":["post-49759","post","type-post","status-publish","format-standard","has-post-thumbnail","hentry","category-ekonomi"],"_links":{"self":[{"href":"https:\/\/www.egemtv.com\/index.php?rest_route=\/wp\/v2\/posts\/49759","targetHints":{"allow":["GET"]}}],"collection":[{"href":"https:\/\/www.egemtv.com\/index.php?rest_route=\/wp\/v2\/posts"}],"about":[{"href":"https:\/\/www.egemtv.com\/index.php?rest_route=\/wp\/v2\/types\/post"}],"author":[{"embeddable":true,"href":"https:\/\/www.egemtv.com\/index.php?rest_route=\/wp\/v2\/users\/1"}],"replies":[{"embeddable":true,"href":"https:\/\/www.egemtv.com\/index.php?rest_route=%2Fwp%2Fv2%2Fcomments&post=49759"}],"version-history":[{"count":1,"href":"https:\/\/www.egemtv.com\/index.php?rest_route=\/wp\/v2\/posts\/49759\/revisions"}],"predecessor-version":[{"id":49761,"href":"https:\/\/www.egemtv.com\/index.php?rest_route=\/wp\/v2\/posts\/49759\/revisions\/49761"}],"wp:featuredmedia":[{"embeddable":true,"href":"https:\/\/www.egemtv.com\/index.php?rest_route=\/wp\/v2\/media\/49760"}],"wp:attachment":[{"href":"https:\/\/www.egemtv.com\/index.php?rest_route=%2Fwp%2Fv2%2Fmedia&parent=49759"}],"wp:term":[{"taxonomy":"category","embeddable":true,"href":"https:\/\/www.egemtv.com\/index.php?rest_route=%2Fwp%2Fv2%2Fcategories&post=49759"},{"taxonomy":"post_tag","embeddable":true,"href":"https:\/\/www.egemtv.com\/index.php?rest_route=%2Fwp%2Fv2%2Ftags&post=49759"}],"curies":[{"name":"wp","href":"https:\/\/api.w.org\/{rel}","templated":true}]}}