{"id":49756,"date":"2025-08-19T12:14:59","date_gmt":"2025-08-19T09:14:59","guid":{"rendered":"https:\/\/www.egemtv.com\/?p=49756"},"modified":"2025-08-19T12:15:00","modified_gmt":"2025-08-19T09:15:00","slug":"gedizin-merkezinde-donusum-basliyor","status":"publish","type":"post","link":"https:\/\/www.egemtv.com\/?p=49756","title":{"rendered":"Gediz\u2019in merkezinde d\u00f6n\u00fc\u015f\u00fcm ba\u015fl\u0131yor"},"content":{"rendered":"<p>K\u00fctahya\u2019n\u0131n Gediz \u0130l\u00e7e Belediyesi, \u00d6zyurt Mahallesi\u2019ndeki eski adliye arazisini modern bir ya\u015fam ve i\u015f merkezine d\u00f6n\u00fc\u015ft\u00fcrmek i\u00e7in \u00f6nemli ad\u0131m att\u0131. Gediz\u2019e yeni adliye binas\u0131n\u0131n yap\u0131lmas\u0131n\u0131n ard\u0131ndan bo\u015fta kalan ve m\u00fclkiyeti belediyeye ge\u00e7en arsaya i\u015f merkezi yap\u0131lacak.<br \/>\n<br \/>Bu \u00e7er\u00e7evede arsa, kat kar\u015f\u0131l\u0131\u011f\u0131 in\u015faat yap\u0131m\u0131 ihalesiyle yeni sahiplerini bekliyor. \u0130hale, 25 A\u011fustos 2025 Pazartesi g\u00fcn\u00fc saat 14.00\u2019te Gediz Belediye Enc\u00fcmeni huzurunda ger\u00e7ekle\u015ftirilecek. Toplamda 5 bin 473 metrekarelik in\u015faat alan\u0131na sahip olacak bu prestijli projede, hem ticari hem de konut ihtiyac\u0131n\u0131 kar\u015f\u0131layacak yap\u0131lar planlan\u0131yor. Proje kapsam\u0131nda, 16 i\u015f yerinin yan\u0131 s\u0131ra, modern ve kullan\u0131\u015fl\u0131 tasar\u0131mlara sahip 60 adet 1+1 daire in\u015fa edilecek.<br \/>\n<br \/>Gediz\u2019in kalbinde yer alan bu arsa, hem konumu hem de sundu\u011fu potansiyel ile yat\u0131r\u0131mc\u0131lar i\u00e7in b\u00fcy\u00fck bir f\u0131rsat niteli\u011fi ta\u015f\u0131yor. Yap\u0131lacak olan bu yeni kompleksin, Gediz\u2019in ekonomik ve sosyal geli\u015fimine katk\u0131 sa\u011flamas\u0131, ayn\u0131 zamanda yeni istihdam alanlar\u0131 olu\u015fturmas\u0131 bekleniyor.<br \/><\/p>\n","protected":false},"excerpt":{"rendered":"<p>K\u00fctahya\u2019n\u0131n Gediz \u0130l\u00e7e Belediyesi, \u00d6zyurt Mahallesi\u2019ndeki eski adliye arazisini modern bir ya\u015fam ve i\u015f merkezine d\u00f6n\u00fc\u015ft\u00fcrmek i\u00e7in \u00f6nemli ad\u0131m att\u0131. Gediz\u2019e yeni adliye binas\u0131n\u0131n yap\u0131lmas\u0131n\u0131n ard\u0131ndan bo\u015fta kalan ve m\u00fclkiyeti belediyeye ge\u00e7en arsaya i\u015f merkezi yap\u0131lacak. Bu \u00e7er\u00e7evede arsa, kat kar\u015f\u0131l\u0131\u011f\u0131 in\u015faat yap\u0131m\u0131 ihalesiyle yeni sahiplerini bekliyor. \u0130hale, 25 A\u011fustos 2025 Pazartesi g\u00fcn\u00fc saat 14.00\u2019te&#8230;<\/p>\n","protected":false},"author":1,"featured_media":49757,"comment_status":"open","ping_status":"open","sticky":false,"template":"","format":"standard","meta":{"_crdt_document":"","footnotes":""},"categories":[1],"tags":[],"class_list":["post-49756","post","type-post","status-publish","format-standard","has-post-thumbnail","hentry","category-guncel"],"_links":{"self":[{"href":"https:\/\/www.egemtv.com\/index.php?rest_route=\/wp\/v2\/posts\/49756","targetHints":{"allow":["GET"]}}],"collection":[{"href":"https:\/\/www.egemtv.com\/index.php?rest_route=\/wp\/v2\/posts"}],"about":[{"href":"https:\/\/www.egemtv.com\/index.php?rest_route=\/wp\/v2\/types\/post"}],"author":[{"embeddable":true,"href":"https:\/\/www.egemtv.com\/index.php?rest_route=\/wp\/v2\/users\/1"}],"replies":[{"embeddable":true,"href":"https:\/\/www.egemtv.com\/index.php?rest_route=%2Fwp%2Fv2%2Fcomments&post=49756"}],"version-history":[{"count":1,"href":"https:\/\/www.egemtv.com\/index.php?rest_route=\/wp\/v2\/posts\/49756\/revisions"}],"predecessor-version":[{"id":49758,"href":"https:\/\/www.egemtv.com\/index.php?rest_route=\/wp\/v2\/posts\/49756\/revisions\/49758"}],"wp:featuredmedia":[{"embeddable":true,"href":"https:\/\/www.egemtv.com\/index.php?rest_route=\/wp\/v2\/media\/49757"}],"wp:attachment":[{"href":"https:\/\/www.egemtv.com\/index.php?rest_route=%2Fwp%2Fv2%2Fmedia&parent=49756"}],"wp:term":[{"taxonomy":"category","embeddable":true,"href":"https:\/\/www.egemtv.com\/index.php?rest_route=%2Fwp%2Fv2%2Fcategories&post=49756"},{"taxonomy":"post_tag","embeddable":true,"href":"https:\/\/www.egemtv.com\/index.php?rest_route=%2Fwp%2Fv2%2Ftags&post=49756"}],"curies":[{"name":"wp","href":"https:\/\/api.w.org\/{rel}","templated":true}]}}