{"id":49753,"date":"2025-08-19T11:55:03","date_gmt":"2025-08-19T08:55:03","guid":{"rendered":"https:\/\/www.egemtv.com\/?p=49753"},"modified":"2025-08-19T11:55:05","modified_gmt":"2025-08-19T08:55:05","slug":"efeler-belediyesi-pinarbasi-alt-yolunu-unuttu-yol-copluge-dondu","status":"publish","type":"post","link":"https:\/\/www.egemtv.com\/?p=49753","title":{"rendered":"Efeler Belediyesi P\u0131narba\u015f\u0131 alt yolunu unuttu, yol \u00e7\u00f6pl\u00fc\u011fe d\u00f6nd\u00fc"},"content":{"rendered":"<p>Ayd\u0131n\u2019\u0131n Efeler il\u00e7esinde bulunan ve bir zamanlar \u00e7ok say\u0131da vatanda\u015f\u0131n vakit ge\u00e7irmek i\u00e7in tercih etti\u011fi P\u0131narba\u015f\u0131 alt yolu olarak bilinen alan, duyars\u0131z vatanda\u015flar\u0131n att\u0131\u011f\u0131 \u00e7\u00f6pler ve bak\u0131ms\u0131zl\u0131ktan dolay\u0131 adeta harabeye d\u00f6nd\u00fc.<br \/>\n<br \/>Do\u011fal g\u00fczellikleriyle her mevsim g\u00f6rsel \u015f\u00f6len sunan Ayd\u0131n\u2019\u0131n merkez il\u00e7esi Efeler\u2019de bulunan, i\u00e7erisinden Tabakhane Deresi\u2019nin ge\u00e7ti\u011fi P\u0131narba\u015f\u0131 alt yolu olarak bilinen b\u00f6lge, bir zamanlar \u00e7ok say\u0131da vatanda\u015f\u0131n dinlenmek ve vakit ge\u00e7irmek i\u00e7in tercih etti\u011fi yer olurken, \u015fimdilerde bak\u0131ms\u0131zl\u0131ktan dolay\u0131 adeta harabeye d\u00f6nm\u00fc\u015f durumda.<br \/>\n<br \/>Dereden akan su ve b\u00f6lgedeki a\u011fa\u00e7lar\u0131n aras\u0131ndan yay\u0131lan ku\u015f seslerinin yan\u0131 s\u0131ra renk c\u00fcmb\u00fc\u015f\u00fcn\u00fcn de olu\u015ftu\u011fu alan, adeta Efeler Belediyesi taraf\u0131ndan unutularak kendi haline b\u0131rak\u0131ld\u0131. Bir zamanlar vatanda\u015flar\u0131n serinleyip huzur buldu\u011fu alan \u015fimdilerde madde ba\u011f\u0131ml\u0131lar\u0131n\u0131n mekan\u0131 haline gelirken, yabani otlar\u0131n yan\u0131 s\u0131ra etraf\u0131nda biriken \u00e7\u00f6pler de yolun bak\u0131ms\u0131zl\u0131\u011f\u0131n\u0131 g\u00f6zler \u00f6n\u00fcne serdi. Yol \u00fczerinde bulunan bir\u00e7ok bank\u0131n yerinden s\u00f6k\u00fcld\u00fc\u011f\u00fc g\u00f6r\u00fcl\u00fcrken, at\u0131lan \u00e7\u00f6pler ve cam k\u0131r\u0131klar\u0131 da tehlike sa\u00e7\u0131yor. \u0130l\u00e7e merkezinin bir d\u00f6nem g\u00f6zdesi olan b\u00f6lge, bak\u0131ms\u0131zl\u0131k nedeniyle insanlar\u0131n girmeye korkar oldu\u011fu alana d\u00f6n\u00fc\u015ft\u00fc.<br \/>\n<br \/>Alan\u0131n bak\u0131ms\u0131zl\u0131\u011f\u0131ndan dolay\u0131 b\u00f6lgede vakit ge\u00e7irip serinlemeye korkar hale geldiklerini belirten vatanda\u015flar, alan\u0131n temizlenip kullan\u0131labilir hale getirilmesini isteyerek Efeler Belediyesi\u2019ni g\u00f6reve \u00e7a\u011f\u0131rd\u0131.<br \/><\/p>\n","protected":false},"excerpt":{"rendered":"<p>Ayd\u0131n\u2019\u0131n Efeler il\u00e7esinde bulunan ve bir zamanlar \u00e7ok say\u0131da vatanda\u015f\u0131n vakit ge\u00e7irmek i\u00e7in tercih etti\u011fi P\u0131narba\u015f\u0131 alt yolu olarak bilinen alan, duyars\u0131z vatanda\u015flar\u0131n att\u0131\u011f\u0131 \u00e7\u00f6pler ve bak\u0131ms\u0131zl\u0131ktan dolay\u0131 adeta harabeye d\u00f6nd\u00fc. Do\u011fal g\u00fczellikleriyle her mevsim g\u00f6rsel \u015f\u00f6len sunan Ayd\u0131n\u2019\u0131n merkez il\u00e7esi Efeler\u2019de bulunan, i\u00e7erisinden Tabakhane Deresi\u2019nin ge\u00e7ti\u011fi P\u0131narba\u015f\u0131 alt yolu olarak bilinen b\u00f6lge, bir zamanlar&#8230;<\/p>\n","protected":false},"author":1,"featured_media":49754,"comment_status":"open","ping_status":"open","sticky":false,"template":"","format":"standard","meta":{"_crdt_document":"","footnotes":""},"categories":[1],"tags":[],"class_list":["post-49753","post","type-post","status-publish","format-standard","has-post-thumbnail","hentry","category-guncel"],"_links":{"self":[{"href":"https:\/\/www.egemtv.com\/index.php?rest_route=\/wp\/v2\/posts\/49753","targetHints":{"allow":["GET"]}}],"collection":[{"href":"https:\/\/www.egemtv.com\/index.php?rest_route=\/wp\/v2\/posts"}],"about":[{"href":"https:\/\/www.egemtv.com\/index.php?rest_route=\/wp\/v2\/types\/post"}],"author":[{"embeddable":true,"href":"https:\/\/www.egemtv.com\/index.php?rest_route=\/wp\/v2\/users\/1"}],"replies":[{"embeddable":true,"href":"https:\/\/www.egemtv.com\/index.php?rest_route=%2Fwp%2Fv2%2Fcomments&post=49753"}],"version-history":[{"count":1,"href":"https:\/\/www.egemtv.com\/index.php?rest_route=\/wp\/v2\/posts\/49753\/revisions"}],"predecessor-version":[{"id":49755,"href":"https:\/\/www.egemtv.com\/index.php?rest_route=\/wp\/v2\/posts\/49753\/revisions\/49755"}],"wp:featuredmedia":[{"embeddable":true,"href":"https:\/\/www.egemtv.com\/index.php?rest_route=\/wp\/v2\/media\/49754"}],"wp:attachment":[{"href":"https:\/\/www.egemtv.com\/index.php?rest_route=%2Fwp%2Fv2%2Fmedia&parent=49753"}],"wp:term":[{"taxonomy":"category","embeddable":true,"href":"https:\/\/www.egemtv.com\/index.php?rest_route=%2Fwp%2Fv2%2Fcategories&post=49753"},{"taxonomy":"post_tag","embeddable":true,"href":"https:\/\/www.egemtv.com\/index.php?rest_route=%2Fwp%2Fv2%2Ftags&post=49753"}],"curies":[{"name":"wp","href":"https:\/\/api.w.org\/{rel}","templated":true}]}}