{"id":49750,"date":"2025-08-19T11:55:01","date_gmt":"2025-08-19T08:55:01","guid":{"rendered":"https:\/\/www.egemtv.com\/?p=49750"},"modified":"2025-08-19T11:55:03","modified_gmt":"2025-08-19T08:55:03","slug":"aydinin-spor-yatirimlari-7-milyar-tlye-ulasti","status":"publish","type":"post","link":"https:\/\/www.egemtv.com\/?p=49750","title":{"rendered":"Ayd\u0131n\u2019\u0131n spor yat\u0131r\u0131mlar\u0131 7 milyar TL\u2019ye ula\u015ft\u0131"},"content":{"rendered":"<p>Gen\u00e7lik ve Spor Bakan\u0131 Osman A\u015fk\u0131n Bak\u2019\u0131n Ayd\u0131n ziyareti \u00f6ncesinde bas\u0131n mensuplar\u0131 ile bir araya gelen Ayd\u0131n Gen\u00e7lik ve Spor \u0130l M\u00fcd\u00fcr\u00fc Serhat Y\u0131\u011fmatepe, Ayd\u0131n\u2019da devam eden ve tamamlanan yat\u0131r\u0131mlar\u0131n g\u00fcncel rakamlar\u0131n\u0131n toplamda 7 milyar TL\u2019nin \u00fczerinde oldu\u011funu a\u00e7\u0131klad\u0131.<br \/>\n<br \/>Ayd\u0131n\u2019\u0131n d\u00f6rt bir yan\u0131nda spor yat\u0131r\u0131mlar\u0131 y\u00fckselmeye devam ederken, yat\u0131r\u0131mlar\u0131 tamamlanan 23 tesisin toplu a\u00e7\u0131l\u0131\u015f\u0131n\u0131 ger\u00e7ekle\u015ftirmek \u00fczere Gen\u00e7lik ve Spor Bakan\u0131 Osman A\u015fk\u0131n Bak, Ayd\u0131n\u2019a gelecek. Bakan Bak\u2019\u0131n 22 A\u011fustos Cuma g\u00fcn\u00fc ger\u00e7ekle\u015ftirece\u011fi ziyaret \u00f6ncesinde Ayd\u0131n Gen\u00e7lik ve Spor \u0130l M\u00fcd\u00fcr\u00fc Serhat Y\u0131\u011fmatepe, bas\u0131n mensuplar\u0131 ile bir araya geldi. Bakan Bak\u2019\u0131n program\u0131 ve Ayd\u0131n\u2019daki spor yat\u0131r\u0131mlar\u0131 hakk\u0131nda bilgilendirme yapan M\u00fcd\u00fcr Y\u0131\u011fmatepe, sporun tabana yay\u0131lmas\u0131, gen\u00e7lerin spora y\u00f6nlendirilmesi ve bo\u015f zamanlar\u0131n\u0131 en iyi \u015fekilde de\u011ferlendirmeleri i\u00e7in il genelinde ger\u00e7ekle\u015ftirilen yat\u0131r\u0131mlar \u00e7er\u00e7evesinde ise 23 tesisin yap\u0131m\u0131n\u0131n tamamland\u0131\u011f\u0131n\u0131 duyurdu. Gen\u00e7lik ve Spor Bakanl\u0131\u011f\u0131 koordinesindeki yat\u0131r\u0131mlar\u0131n devam edece\u011fini de vurgulayan M\u00fcd\u00fcr Y\u0131\u011fmatepe, a\u00e7\u0131l\u0131\u015f\u0131 yap\u0131lacak olan 23 tesisin yat\u0131r\u0131m bedellerinin g\u00fcncel rakamlarla 6 milyar TL\u2019nin \u00fczerinde oldu\u011funu, devam eden yat\u0131r\u0131mlar\u0131n ise 1 milyar TL civar\u0131nda oldu\u011funu ifade etti. \u0130l genelindeki spor yat\u0131r\u0131mlar\u0131n\u0131n toplam bedelinin 7 milyar TL\u2019nin \u00fczerinde oldu\u011funu ifade eden M\u00fcd\u00fcr Y\u0131\u011fmatepe, gen\u00e7lerin ihtiya\u00e7lar\u0131n\u0131 belirlemek i\u00e7in \u00f6ncelikle \u015fehri iyi tan\u0131mak gerekti\u011fini vurgulad\u0131.<br \/>\n<br \/>&#8220;En \u00e7ok yat\u0131r\u0131m yapan kurumlardan birisiyiz&#8221;<br \/>\n<br \/>Spor tesisleri a\u00e7\u0131s\u0131ndan Ayd\u0131n genelinde dokunmad\u0131klar\u0131 yer kalmad\u0131\u011f\u0131n\u0131 ifade eden M\u00fcd\u00fcr Y\u0131\u011fmatepe; &#8220;Cuma g\u00fcn\u00fc Bakan\u0131m\u0131z, toplu a\u00e7\u0131l\u0131\u015f t\u00f6reni i\u00e7in Ayd\u0131n\u2019a gelecek. Bakan\u0131m\u0131z \u00f6ncelikle AD\u00dc kamp\u00fcs\u00fcnde yap\u0131m\u0131 tamamlanan bin 982 ki\u015filik yurdun a\u00e7\u0131l\u0131\u015f\u0131n\u0131 ger\u00e7ekle\u015ftirecek, ard\u0131ndan Binali Y\u0131ld\u0131r\u0131m Stad\u0131\u2019na ge\u00e7erek yap\u0131m\u0131 tamamlanan ve tamamlanmak \u00fczere olan 23 tesisin toplu a\u00e7\u0131l\u0131\u015f\u0131n\u0131 ger\u00e7ekle\u015ftirecek. Spor yat\u0131r\u0131mlar\u0131 i\u00e7in \u015fehri tan\u0131mak laz\u0131m, eksikleri g\u00f6rmek laz\u0131m. Bunun i\u00e7in de iyi analiz yapmam\u0131z laz\u0131m. Biz bu yat\u0131r\u0131mlar\u0131 g\u00f6r\u00fcn\u00fcr k\u0131lmak i\u00e7in bir araya geldik. Kamu kurumlar\u0131 aras\u0131nda en \u00e7ok yat\u0131r\u0131m yapan kurumlardan\u0131z. Spor tesisi a\u00e7\u0131s\u0131ndan dokunmad\u0131\u011f\u0131m\u0131z yer yok&#8221; dedi.<br \/><\/p>\n","protected":false},"excerpt":{"rendered":"<p>Gen\u00e7lik ve Spor Bakan\u0131 Osman A\u015fk\u0131n Bak\u2019\u0131n Ayd\u0131n ziyareti \u00f6ncesinde bas\u0131n mensuplar\u0131 ile bir araya gelen Ayd\u0131n Gen\u00e7lik ve Spor \u0130l M\u00fcd\u00fcr\u00fc Serhat Y\u0131\u011fmatepe, Ayd\u0131n\u2019da devam eden ve tamamlanan yat\u0131r\u0131mlar\u0131n g\u00fcncel rakamlar\u0131n\u0131n toplamda 7 milyar TL\u2019nin \u00fczerinde oldu\u011funu a\u00e7\u0131klad\u0131. Ayd\u0131n\u2019\u0131n d\u00f6rt bir yan\u0131nda spor yat\u0131r\u0131mlar\u0131 y\u00fckselmeye devam ederken, yat\u0131r\u0131mlar\u0131 tamamlanan 23 tesisin toplu a\u00e7\u0131l\u0131\u015f\u0131n\u0131 ger\u00e7ekle\u015ftirmek&#8230;<\/p>\n","protected":false},"author":1,"featured_media":49751,"comment_status":"open","ping_status":"open","sticky":false,"template":"","format":"standard","meta":{"_crdt_document":"","footnotes":""},"categories":[4],"tags":[],"class_list":["post-49750","post","type-post","status-publish","format-standard","has-post-thumbnail","hentry","category-spor"],"_links":{"self":[{"href":"https:\/\/www.egemtv.com\/index.php?rest_route=\/wp\/v2\/posts\/49750","targetHints":{"allow":["GET"]}}],"collection":[{"href":"https:\/\/www.egemtv.com\/index.php?rest_route=\/wp\/v2\/posts"}],"about":[{"href":"https:\/\/www.egemtv.com\/index.php?rest_route=\/wp\/v2\/types\/post"}],"author":[{"embeddable":true,"href":"https:\/\/www.egemtv.com\/index.php?rest_route=\/wp\/v2\/users\/1"}],"replies":[{"embeddable":true,"href":"https:\/\/www.egemtv.com\/index.php?rest_route=%2Fwp%2Fv2%2Fcomments&post=49750"}],"version-history":[{"count":1,"href":"https:\/\/www.egemtv.com\/index.php?rest_route=\/wp\/v2\/posts\/49750\/revisions"}],"predecessor-version":[{"id":49752,"href":"https:\/\/www.egemtv.com\/index.php?rest_route=\/wp\/v2\/posts\/49750\/revisions\/49752"}],"wp:featuredmedia":[{"embeddable":true,"href":"https:\/\/www.egemtv.com\/index.php?rest_route=\/wp\/v2\/media\/49751"}],"wp:attachment":[{"href":"https:\/\/www.egemtv.com\/index.php?rest_route=%2Fwp%2Fv2%2Fmedia&parent=49750"}],"wp:term":[{"taxonomy":"category","embeddable":true,"href":"https:\/\/www.egemtv.com\/index.php?rest_route=%2Fwp%2Fv2%2Fcategories&post=49750"},{"taxonomy":"post_tag","embeddable":true,"href":"https:\/\/www.egemtv.com\/index.php?rest_route=%2Fwp%2Fv2%2Ftags&post=49750"}],"curies":[{"name":"wp","href":"https:\/\/api.w.org\/{rel}","templated":true}]}}