{"id":49747,"date":"2025-08-19T11:55:00","date_gmt":"2025-08-19T08:55:00","guid":{"rendered":"https:\/\/www.egemtv.com\/?p=49747"},"modified":"2025-08-19T11:55:01","modified_gmt":"2025-08-19T08:55:01","slug":"ruhsatsiz-silah-tasiyan-4-supheli-yakalandi","status":"publish","type":"post","link":"https:\/\/www.egemtv.com\/?p=49747","title":{"rendered":"Ruhsats\u0131z silah ta\u015f\u0131yan 4 \u015f\u00fcpheli yakaland\u0131"},"content":{"rendered":"<p>Ayd\u0131n\u2019da jandarma ekiplerince yap\u0131lan \u00e7al\u0131\u015fmada ruhsats\u0131z silah ta\u015f\u0131yan 4 \u015f\u00fcpheli yakaland\u0131.<br \/>\n<br \/>Ayd\u0131n \u0130l Jandarma Komutanl\u0131\u011f\u0131 KOM \u015eube M\u00fcd\u00fcrl\u00fc\u011f\u00fc koordinesinde \u0130l\u00e7e Jandarma Komutanl\u0131klar\u0131nca ruhsats\u0131z silah ta\u015f\u0131yan \u015fah\u0131slara ve silah ka\u00e7ak\u00e7\u0131lar\u0131na y\u00f6nelik Didim, Efeler, Germencik ve Ko\u00e7arl\u0131 il\u00e7elerinde m\u00fcnferit ve planl\u0131 hedeflere y\u00f6nelik \u00e7al\u0131\u015fma ger\u00e7ekle\u015ftirildi. Yap\u0131lan \u00e7al\u0131\u015fmalar kapsam\u0131nda jandarma ekiplerince 4 \u015f\u00fcpheli yakaland\u0131. Yap\u0131lan aramalarda 2 adet ruhsats\u0131z tabanca, 4 adet ruhsats\u0131z av t\u00fcfe\u011fi, 420 adet fi\u015fek ve mermi ele ge\u00e7irildi. Yakalanarak g\u00f6zalt\u0131na al\u0131nan \u015f\u00fcpheliler hakk\u0131nda ba\u015flat\u0131lan adli s\u00fcre\u00e7 devam ediyor.<br \/><\/p>\n","protected":false},"excerpt":{"rendered":"<p>Ayd\u0131n\u2019da jandarma ekiplerince yap\u0131lan \u00e7al\u0131\u015fmada ruhsats\u0131z silah ta\u015f\u0131yan 4 \u015f\u00fcpheli yakaland\u0131. Ayd\u0131n \u0130l Jandarma Komutanl\u0131\u011f\u0131 KOM \u015eube M\u00fcd\u00fcrl\u00fc\u011f\u00fc koordinesinde \u0130l\u00e7e Jandarma Komutanl\u0131klar\u0131nca ruhsats\u0131z silah ta\u015f\u0131yan \u015fah\u0131slara ve silah ka\u00e7ak\u00e7\u0131lar\u0131na y\u00f6nelik Didim, Efeler, Germencik ve Ko\u00e7arl\u0131 il\u00e7elerinde m\u00fcnferit ve planl\u0131 hedeflere y\u00f6nelik \u00e7al\u0131\u015fma ger\u00e7ekle\u015ftirildi. Yap\u0131lan \u00e7al\u0131\u015fmalar kapsam\u0131nda jandarma ekiplerince 4 \u015f\u00fcpheli yakaland\u0131. Yap\u0131lan aramalarda 2 adet&#8230;<\/p>\n","protected":false},"author":1,"featured_media":49748,"comment_status":"open","ping_status":"open","sticky":false,"template":"","format":"standard","meta":{"_crdt_document":"","footnotes":""},"categories":[5],"tags":[],"class_list":["post-49747","post","type-post","status-publish","format-standard","has-post-thumbnail","hentry","category-asayis"],"_links":{"self":[{"href":"https:\/\/www.egemtv.com\/index.php?rest_route=\/wp\/v2\/posts\/49747","targetHints":{"allow":["GET"]}}],"collection":[{"href":"https:\/\/www.egemtv.com\/index.php?rest_route=\/wp\/v2\/posts"}],"about":[{"href":"https:\/\/www.egemtv.com\/index.php?rest_route=\/wp\/v2\/types\/post"}],"author":[{"embeddable":true,"href":"https:\/\/www.egemtv.com\/index.php?rest_route=\/wp\/v2\/users\/1"}],"replies":[{"embeddable":true,"href":"https:\/\/www.egemtv.com\/index.php?rest_route=%2Fwp%2Fv2%2Fcomments&post=49747"}],"version-history":[{"count":1,"href":"https:\/\/www.egemtv.com\/index.php?rest_route=\/wp\/v2\/posts\/49747\/revisions"}],"predecessor-version":[{"id":49749,"href":"https:\/\/www.egemtv.com\/index.php?rest_route=\/wp\/v2\/posts\/49747\/revisions\/49749"}],"wp:featuredmedia":[{"embeddable":true,"href":"https:\/\/www.egemtv.com\/index.php?rest_route=\/wp\/v2\/media\/49748"}],"wp:attachment":[{"href":"https:\/\/www.egemtv.com\/index.php?rest_route=%2Fwp%2Fv2%2Fmedia&parent=49747"}],"wp:term":[{"taxonomy":"category","embeddable":true,"href":"https:\/\/www.egemtv.com\/index.php?rest_route=%2Fwp%2Fv2%2Fcategories&post=49747"},{"taxonomy":"post_tag","embeddable":true,"href":"https:\/\/www.egemtv.com\/index.php?rest_route=%2Fwp%2Fv2%2Ftags&post=49747"}],"curies":[{"name":"wp","href":"https:\/\/api.w.org\/{rel}","templated":true}]}}