{"id":49744,"date":"2025-08-19T11:35:06","date_gmt":"2025-08-19T08:35:06","guid":{"rendered":"https:\/\/www.egemtv.com\/?p=49744"},"modified":"2025-08-19T11:35:06","modified_gmt":"2025-08-19T08:35:06","slug":"koray-avci-tavas-zeybek-festivalinde-unutulmaz-bir-gece-yasatti","status":"publish","type":"post","link":"https:\/\/www.egemtv.com\/?p=49744","title":{"rendered":"Koray Avc\u0131, Tavas Zeybek Festivalinde unutulmaz bir gece ya\u015fatt\u0131"},"content":{"rendered":"<p>Tavas Belediyesi taraf\u0131ndan bu y\u0131l 7\u2019incisi d\u00fczenlenen Tavas Zeybek, K\u00fclt\u00fcr ve Sanat Festivalinin son g\u00fcn\u00fcnde sahne alan Koray Avc\u0131 sevilen \u015fark\u0131lar\u0131 seslendirerek Tavasl\u0131 vatanda\u015flara e\u011flence dolu gece ya\u015fatt\u0131.<\/p>\n<p>Tavas\u2019\u0131n Zeybe\u011fini ve K\u00fclt\u00fcr\u00fcn\u00fc d\u00fcnyaya tan\u0131tmak ve gelecek ku\u015faklara aktarmak amac\u0131yla Tavas Belediyesi taraf\u0131ndan d\u00fczenlenen Tavas Zeybek, K\u00fclt\u00fcr ve Sanat Festivali, Koray Avc\u0131 konseriyle co\u015fku dolu kapan\u0131\u015f yapt\u0131. Festivalin son g\u00fcn\u00fcnde sahne alan Koray Avc\u0131 seslendirdi\u011fi birbirinden g\u00fczel \u015fark\u0131larla Festivale kat\u0131lan vatanda\u015flara e\u011flence dolu gece ya\u015fatt\u0131. Baz\u0131 \u015fark\u0131larda h\u00fcz\u00fcnlenen Tavasl\u0131lar baz\u0131 \u015fark\u0131larda dans ederek konserin tad\u0131n\u0131 \u00e7\u0131kartt\u0131.<\/p>\n<p>Koray Avc\u0131ya, k\u00f6k\u00fc Hititlere kadar dayanan ve sadece Tavas\u2019ta \u00fcretilen terakota vazo hediye eden Tavas Belediye Ba\u015fkan\u0131 Kadir Tat\u0131k, sahnede yapt\u0131\u011f\u0131 konu\u015fmada, &#8220;De\u011ferli sanat\u00e7\u0131m\u0131z\u0131n sahnenin ilk ba\u015f\u0131nda s\u00f6yledi\u011fi s\u0131fatlar\u0131 bir kenara b\u0131rakal\u0131m insan olal\u0131m s\u00f6z\u00fc tavsiyesi \u00e7ok k\u0131ymetli \u0130nsan do\u011fduk insan \u00f6lmek i\u00e7in \u00e7al\u0131\u015f\u0131yoruz. Kimse kimseden \u00fcst\u00fcn de\u011fil. Hepimiz birlik i\u00e7inde ya\u015fayal\u0131m. \u0130yi niyetli olal\u0131m. D\u00f6rt g\u00fcn boyunca bu festival i\u00e7in gece g\u00fcnd\u00fcz \u00e7al\u0131\u015fan t\u00fcm belediye personeline festivalin arkas\u0131ndaki gizli kahramanlara en i\u00e7ten te\u015fekk\u00fcrlerimi sunuyorum&#8221; ifadelerini kulland\u0131.<br \/><\/p>\n","protected":false},"excerpt":{"rendered":"<p>Tavas Belediyesi taraf\u0131ndan bu y\u0131l 7\u2019incisi d\u00fczenlenen Tavas Zeybek, K\u00fclt\u00fcr ve Sanat Festivalinin son g\u00fcn\u00fcnde sahne alan Koray Avc\u0131 sevilen \u015fark\u0131lar\u0131 seslendirerek Tavasl\u0131 vatanda\u015flara e\u011flence dolu gece ya\u015fatt\u0131. Tavas\u2019\u0131n Zeybe\u011fini ve K\u00fclt\u00fcr\u00fcn\u00fc d\u00fcnyaya tan\u0131tmak ve gelecek ku\u015faklara aktarmak amac\u0131yla Tavas Belediyesi taraf\u0131ndan d\u00fczenlenen Tavas Zeybek, K\u00fclt\u00fcr ve Sanat Festivali, Koray Avc\u0131 konseriyle co\u015fku dolu kapan\u0131\u015f&#8230;<\/p>\n","protected":false},"author":1,"featured_media":49745,"comment_status":"open","ping_status":"open","sticky":false,"template":"","format":"standard","meta":{"_crdt_document":"","footnotes":""},"categories":[1],"tags":[],"class_list":["post-49744","post","type-post","status-publish","format-standard","has-post-thumbnail","hentry","category-guncel"],"_links":{"self":[{"href":"https:\/\/www.egemtv.com\/index.php?rest_route=\/wp\/v2\/posts\/49744","targetHints":{"allow":["GET"]}}],"collection":[{"href":"https:\/\/www.egemtv.com\/index.php?rest_route=\/wp\/v2\/posts"}],"about":[{"href":"https:\/\/www.egemtv.com\/index.php?rest_route=\/wp\/v2\/types\/post"}],"author":[{"embeddable":true,"href":"https:\/\/www.egemtv.com\/index.php?rest_route=\/wp\/v2\/users\/1"}],"replies":[{"embeddable":true,"href":"https:\/\/www.egemtv.com\/index.php?rest_route=%2Fwp%2Fv2%2Fcomments&post=49744"}],"version-history":[{"count":1,"href":"https:\/\/www.egemtv.com\/index.php?rest_route=\/wp\/v2\/posts\/49744\/revisions"}],"predecessor-version":[{"id":49746,"href":"https:\/\/www.egemtv.com\/index.php?rest_route=\/wp\/v2\/posts\/49744\/revisions\/49746"}],"wp:featuredmedia":[{"embeddable":true,"href":"https:\/\/www.egemtv.com\/index.php?rest_route=\/wp\/v2\/media\/49745"}],"wp:attachment":[{"href":"https:\/\/www.egemtv.com\/index.php?rest_route=%2Fwp%2Fv2%2Fmedia&parent=49744"}],"wp:term":[{"taxonomy":"category","embeddable":true,"href":"https:\/\/www.egemtv.com\/index.php?rest_route=%2Fwp%2Fv2%2Fcategories&post=49744"},{"taxonomy":"post_tag","embeddable":true,"href":"https:\/\/www.egemtv.com\/index.php?rest_route=%2Fwp%2Fv2%2Ftags&post=49744"}],"curies":[{"name":"wp","href":"https:\/\/api.w.org\/{rel}","templated":true}]}}