{"id":49741,"date":"2025-08-19T11:35:05","date_gmt":"2025-08-19T08:35:05","guid":{"rendered":"https:\/\/www.egemtv.com\/?p=49741"},"modified":"2025-08-19T11:35:06","modified_gmt":"2025-08-19T08:35:06","slug":"jandarmanin-dikkati-sayesinde-aranan-sahis-yakalandi","status":"publish","type":"post","link":"https:\/\/www.egemtv.com\/?p=49741","title":{"rendered":"Jandarman\u0131n dikkati sayesinde aranan \u015fah\u0131s yakaland\u0131"},"content":{"rendered":"<p>Ayd\u0131n\u2019da Hamidiye Jandarma Otoyol Karakol Komutanl\u0131\u011f\u0131 ekiplerinin dikkati sayesinde hakk\u0131nda 12 y\u0131l 1 ay hapis cezas\u0131 bulunan ve ba\u015fkas\u0131na ait s\u00fcr\u00fcc\u00fc ehliyetini beyan eden \u015fah\u0131s yakaland\u0131.<\/p>\n<p>Ayd\u0131n\u2019da jandarma ekiplerinin vatanda\u015flar\u0131n huzur ve g\u00fcvenli\u011fi i\u00e7in \u00e7al\u0131\u015fmalar\u0131 aral\u0131ks\u0131z s\u00fcrd\u00fcr\u00fcyor. Aranan \u015fah\u0131slara da g\u00f6z a\u00e7t\u0131rmayan jandarma ekipleri ger\u00e7ekle\u015ftirdikleri ba\u015far\u0131l\u0131 \u00e7al\u0131\u015fmalar\u0131na bir yenisini daha ekledi. Edinilen bilgiye g\u00f6re, Denizli-Ayd\u0131n Otoyolu Efeler gi\u015felerinde uygulama yapan jandarma ekipleri bir arac\u0131 durdurdu. Kontrol s\u0131ras\u0131nda ara\u00e7 s\u00fcr\u00fcc\u00fcs\u00fcn\u00fcn hareketlerinden \u015f\u00fcphelenen ekipler, s\u00fcr\u00fcc\u00fcn\u00fcn ba\u015fkas\u0131na ait s\u00fcr\u00fcc\u00fc ehliyetini beyan etti\u011fini, ger\u00e7ek kimli\u011finin M.B. oldu\u011funu ve \u015fahs\u0131n, \u2019Bili\u015fim Sistemleri Banka veya Kredi Kurumlar\u0131n\u0131n Ara\u00e7 Olarak Kullan\u0131lmas\u0131 Suretiyle Doland\u0131r\u0131c\u0131l\u0131k\u2019 su\u00e7undan hakk\u0131nda kesinle\u015fmi\u015f 12 y\u0131l 1 ay hapis cezas\u0131 bulundu\u011funu tespit etti. Hakk\u0131nda \u2019Kamu G\u00f6revlisine Yalan Beyanda Bulunmak\u2019 su\u00e7undan da i\u015flem yap\u0131lan \u015fah\u0131s g\u00f6zalt\u0131na al\u0131nd\u0131. Jandarmadaki i\u015flemlerinin ard\u0131ndan adliyeye sevk edilen M.B. \u00e7\u0131kart\u0131ld\u0131\u011f\u0131 adli makamlarca tutuklanarak cezaevine g\u00f6nderildi.<br \/><\/p>\n","protected":false},"excerpt":{"rendered":"<p>Ayd\u0131n\u2019da Hamidiye Jandarma Otoyol Karakol Komutanl\u0131\u011f\u0131 ekiplerinin dikkati sayesinde hakk\u0131nda 12 y\u0131l 1 ay hapis cezas\u0131 bulunan ve ba\u015fkas\u0131na ait s\u00fcr\u00fcc\u00fc ehliyetini beyan eden \u015fah\u0131s yakaland\u0131. Ayd\u0131n\u2019da jandarma ekiplerinin vatanda\u015flar\u0131n huzur ve g\u00fcvenli\u011fi i\u00e7in \u00e7al\u0131\u015fmalar\u0131 aral\u0131ks\u0131z s\u00fcrd\u00fcr\u00fcyor. Aranan \u015fah\u0131slara da g\u00f6z a\u00e7t\u0131rmayan jandarma ekipleri ger\u00e7ekle\u015ftirdikleri ba\u015far\u0131l\u0131 \u00e7al\u0131\u015fmalar\u0131na bir yenisini daha ekledi. Edinilen bilgiye g\u00f6re, Denizli-Ayd\u0131n&#8230;<\/p>\n","protected":false},"author":1,"featured_media":49742,"comment_status":"open","ping_status":"open","sticky":false,"template":"","format":"standard","meta":{"_crdt_document":"","footnotes":""},"categories":[5],"tags":[],"class_list":["post-49741","post","type-post","status-publish","format-standard","has-post-thumbnail","hentry","category-asayis"],"_links":{"self":[{"href":"https:\/\/www.egemtv.com\/index.php?rest_route=\/wp\/v2\/posts\/49741","targetHints":{"allow":["GET"]}}],"collection":[{"href":"https:\/\/www.egemtv.com\/index.php?rest_route=\/wp\/v2\/posts"}],"about":[{"href":"https:\/\/www.egemtv.com\/index.php?rest_route=\/wp\/v2\/types\/post"}],"author":[{"embeddable":true,"href":"https:\/\/www.egemtv.com\/index.php?rest_route=\/wp\/v2\/users\/1"}],"replies":[{"embeddable":true,"href":"https:\/\/www.egemtv.com\/index.php?rest_route=%2Fwp%2Fv2%2Fcomments&post=49741"}],"version-history":[{"count":1,"href":"https:\/\/www.egemtv.com\/index.php?rest_route=\/wp\/v2\/posts\/49741\/revisions"}],"predecessor-version":[{"id":49743,"href":"https:\/\/www.egemtv.com\/index.php?rest_route=\/wp\/v2\/posts\/49741\/revisions\/49743"}],"wp:featuredmedia":[{"embeddable":true,"href":"https:\/\/www.egemtv.com\/index.php?rest_route=\/wp\/v2\/media\/49742"}],"wp:attachment":[{"href":"https:\/\/www.egemtv.com\/index.php?rest_route=%2Fwp%2Fv2%2Fmedia&parent=49741"}],"wp:term":[{"taxonomy":"category","embeddable":true,"href":"https:\/\/www.egemtv.com\/index.php?rest_route=%2Fwp%2Fv2%2Fcategories&post=49741"},{"taxonomy":"post_tag","embeddable":true,"href":"https:\/\/www.egemtv.com\/index.php?rest_route=%2Fwp%2Fv2%2Ftags&post=49741"}],"curies":[{"name":"wp","href":"https:\/\/api.w.org\/{rel}","templated":true}]}}