{"id":49729,"date":"2025-08-19T11:14:53","date_gmt":"2025-08-19T08:14:53","guid":{"rendered":"https:\/\/www.egemtv.com\/?p=49729"},"modified":"2025-08-19T11:14:55","modified_gmt":"2025-08-19T08:14:55","slug":"uyusturucu-ticareti-yaptigi-belirlenen-2-sahis-tutuklandi","status":"publish","type":"post","link":"https:\/\/www.egemtv.com\/?p=49729","title":{"rendered":"Uyu\u015fturucu ticareti yapt\u0131\u011f\u0131 belirlenen 2 \u015fah\u0131s tutukland\u0131"},"content":{"rendered":"<p>Afyonkarahisar\u2019da polis ekiplerince g\u00f6zalt\u0131na al\u0131nan 2 \u015fah\u0131s, \u2019Uyu\u015fturucu Madde Ticareti Yapma\u2019 su\u00e7undan tutukland\u0131.<br \/>\n<br \/>Edinilen bilgilere g\u00f6re, \u0130l Emniyet M\u00fcd\u00fcrl\u00fc\u011f\u00fc ekiplerince otogar i\u00e7erisinde kontroller yap\u0131ld\u0131. Ekiplerce 1 \u015fahs\u0131n \u00fcst ve e\u015fya aramas\u0131nda, 32 gram ve 7 adet pe\u00e7eteye emdirilmi\u015f uyu\u015fturucu madde ele ge\u00e7irildi. Konu ile ilgili olarak E.F.D ve A.K. isimli 2 \u015fah\u0131s g\u00f6zalt\u0131na al\u0131nd\u0131. \u2019Uyu\u015fturucu Madde Ticareti Yapma\u2019 su\u00e7u \u00e7er\u00e7evesinde mahkemeye \u00e7\u0131kar\u0131lan \u015fah\u0131slar\u0131n tutuklanarak cezaevine teslim edildikleri \u00f6\u011frenildi.<br \/><\/p>\n","protected":false},"excerpt":{"rendered":"<p>Afyonkarahisar\u2019da polis ekiplerince g\u00f6zalt\u0131na al\u0131nan 2 \u015fah\u0131s, \u2019Uyu\u015fturucu Madde Ticareti Yapma\u2019 su\u00e7undan tutukland\u0131. Edinilen bilgilere g\u00f6re, \u0130l Emniyet M\u00fcd\u00fcrl\u00fc\u011f\u00fc ekiplerince otogar i\u00e7erisinde kontroller yap\u0131ld\u0131. Ekiplerce 1 \u015fahs\u0131n \u00fcst ve e\u015fya aramas\u0131nda, 32 gram ve 7 adet pe\u00e7eteye emdirilmi\u015f uyu\u015fturucu madde ele ge\u00e7irildi. Konu ile ilgili olarak E.F.D ve A.K. isimli 2 \u015fah\u0131s g\u00f6zalt\u0131na al\u0131nd\u0131. \u2019Uyu\u015fturucu&#8230;<\/p>\n","protected":false},"author":1,"featured_media":49730,"comment_status":"open","ping_status":"open","sticky":false,"template":"","format":"standard","meta":{"_crdt_document":"","footnotes":""},"categories":[5],"tags":[],"class_list":["post-49729","post","type-post","status-publish","format-standard","has-post-thumbnail","hentry","category-asayis"],"_links":{"self":[{"href":"https:\/\/www.egemtv.com\/index.php?rest_route=\/wp\/v2\/posts\/49729","targetHints":{"allow":["GET"]}}],"collection":[{"href":"https:\/\/www.egemtv.com\/index.php?rest_route=\/wp\/v2\/posts"}],"about":[{"href":"https:\/\/www.egemtv.com\/index.php?rest_route=\/wp\/v2\/types\/post"}],"author":[{"embeddable":true,"href":"https:\/\/www.egemtv.com\/index.php?rest_route=\/wp\/v2\/users\/1"}],"replies":[{"embeddable":true,"href":"https:\/\/www.egemtv.com\/index.php?rest_route=%2Fwp%2Fv2%2Fcomments&post=49729"}],"version-history":[{"count":1,"href":"https:\/\/www.egemtv.com\/index.php?rest_route=\/wp\/v2\/posts\/49729\/revisions"}],"predecessor-version":[{"id":49731,"href":"https:\/\/www.egemtv.com\/index.php?rest_route=\/wp\/v2\/posts\/49729\/revisions\/49731"}],"wp:featuredmedia":[{"embeddable":true,"href":"https:\/\/www.egemtv.com\/index.php?rest_route=\/wp\/v2\/media\/49730"}],"wp:attachment":[{"href":"https:\/\/www.egemtv.com\/index.php?rest_route=%2Fwp%2Fv2%2Fmedia&parent=49729"}],"wp:term":[{"taxonomy":"category","embeddable":true,"href":"https:\/\/www.egemtv.com\/index.php?rest_route=%2Fwp%2Fv2%2Fcategories&post=49729"},{"taxonomy":"post_tag","embeddable":true,"href":"https:\/\/www.egemtv.com\/index.php?rest_route=%2Fwp%2Fv2%2Ftags&post=49729"}],"curies":[{"name":"wp","href":"https:\/\/api.w.org\/{rel}","templated":true}]}}