{"id":49723,"date":"2025-08-19T10:54:59","date_gmt":"2025-08-19T07:54:59","guid":{"rendered":"https:\/\/www.egemtv.com\/?p=49723"},"modified":"2025-08-19T10:55:00","modified_gmt":"2025-08-19T07:55:00","slug":"aydinda-2025-2026-egitim-ogretim-yili-hazirlik-toplantisi-yapildi","status":"publish","type":"post","link":"https:\/\/www.egemtv.com\/?p=49723","title":{"rendered":"Ayd\u0131n\u2019da 2025-2026 e\u011fitim \u00f6\u011fretim y\u0131l\u0131 haz\u0131rl\u0131k toplant\u0131s\u0131 yap\u0131ld\u0131"},"content":{"rendered":"<p>Ayd\u0131n \u0130l Milli E\u011fitim M\u00fcd\u00fcr\u00fc Mehmet Yi\u011fit, birim amirleri ve il\u00e7e milli e\u011fitim m\u00fcd\u00fcrleri ile bir araya gelerek 2025-2026 e\u011fitim \u00f6\u011fretim y\u0131l\u0131na haz\u0131rl\u0131k toplant\u0131s\u0131 ger\u00e7ekle\u015ftirdi.<\/p>\n<p>Toplant\u0131da yeni d\u00f6nemde y\u00fcr\u00fct\u00fclecek \u00e7al\u0131\u015fmalar ele al\u0131n\u0131rken, \u00f6ncelikler belirlendi. E\u011fitimde kaliteyi ve verimlili\u011fi art\u0131rmaya y\u00f6nelik uygulanacak stratejiler netle\u015ftirildi. \u0130l genelinde e\u011fitim-\u00f6\u011fretim faaliyetlerinin daha nitelikli bir \u015fekilde s\u00fcrd\u00fcr\u00fclmesi i\u00e7in yap\u0131lacak planlamalar masaya yat\u0131r\u0131ld\u0131. Ayd\u0131n \u0130l Milli E\u011fitim M\u00fcd\u00fcr\u00fc Mehmet Yi\u011fit toplant\u0131da yapt\u0131\u011f\u0131 de\u011ferlendirmelerde, e\u011fitimde ba\u015far\u0131 \u00e7\u0131tas\u0131n\u0131 daha da yukar\u0131 ta\u015f\u0131mak i\u00e7in koordineli bir \u015fekilde \u00e7al\u0131\u015f\u0131laca\u011f\u0131n\u0131 ifade etti.<br \/><\/p>\n","protected":false},"excerpt":{"rendered":"<p>Ayd\u0131n \u0130l Milli E\u011fitim M\u00fcd\u00fcr\u00fc Mehmet Yi\u011fit, birim amirleri ve il\u00e7e milli e\u011fitim m\u00fcd\u00fcrleri ile bir araya gelerek 2025-2026 e\u011fitim \u00f6\u011fretim y\u0131l\u0131na haz\u0131rl\u0131k toplant\u0131s\u0131 ger\u00e7ekle\u015ftirdi. Toplant\u0131da yeni d\u00f6nemde y\u00fcr\u00fct\u00fclecek \u00e7al\u0131\u015fmalar ele al\u0131n\u0131rken, \u00f6ncelikler belirlendi. E\u011fitimde kaliteyi ve verimlili\u011fi art\u0131rmaya y\u00f6nelik uygulanacak stratejiler netle\u015ftirildi. \u0130l genelinde e\u011fitim-\u00f6\u011fretim faaliyetlerinin daha nitelikli bir \u015fekilde s\u00fcrd\u00fcr\u00fclmesi i\u00e7in yap\u0131lacak planlamalar&#8230;<\/p>\n","protected":false},"author":1,"featured_media":49724,"comment_status":"open","ping_status":"open","sticky":false,"template":"","format":"standard","meta":{"_crdt_document":"","footnotes":""},"categories":[1],"tags":[],"class_list":["post-49723","post","type-post","status-publish","format-standard","has-post-thumbnail","hentry","category-guncel"],"_links":{"self":[{"href":"https:\/\/www.egemtv.com\/index.php?rest_route=\/wp\/v2\/posts\/49723","targetHints":{"allow":["GET"]}}],"collection":[{"href":"https:\/\/www.egemtv.com\/index.php?rest_route=\/wp\/v2\/posts"}],"about":[{"href":"https:\/\/www.egemtv.com\/index.php?rest_route=\/wp\/v2\/types\/post"}],"author":[{"embeddable":true,"href":"https:\/\/www.egemtv.com\/index.php?rest_route=\/wp\/v2\/users\/1"}],"replies":[{"embeddable":true,"href":"https:\/\/www.egemtv.com\/index.php?rest_route=%2Fwp%2Fv2%2Fcomments&post=49723"}],"version-history":[{"count":1,"href":"https:\/\/www.egemtv.com\/index.php?rest_route=\/wp\/v2\/posts\/49723\/revisions"}],"predecessor-version":[{"id":49725,"href":"https:\/\/www.egemtv.com\/index.php?rest_route=\/wp\/v2\/posts\/49723\/revisions\/49725"}],"wp:featuredmedia":[{"embeddable":true,"href":"https:\/\/www.egemtv.com\/index.php?rest_route=\/wp\/v2\/media\/49724"}],"wp:attachment":[{"href":"https:\/\/www.egemtv.com\/index.php?rest_route=%2Fwp%2Fv2%2Fmedia&parent=49723"}],"wp:term":[{"taxonomy":"category","embeddable":true,"href":"https:\/\/www.egemtv.com\/index.php?rest_route=%2Fwp%2Fv2%2Fcategories&post=49723"},{"taxonomy":"post_tag","embeddable":true,"href":"https:\/\/www.egemtv.com\/index.php?rest_route=%2Fwp%2Fv2%2Ftags&post=49723"}],"curies":[{"name":"wp","href":"https:\/\/api.w.org\/{rel}","templated":true}]}}