{"id":49720,"date":"2025-08-19T10:54:57","date_gmt":"2025-08-19T07:54:57","guid":{"rendered":"https:\/\/www.egemtv.com\/?p=49720"},"modified":"2025-08-19T10:54:59","modified_gmt":"2025-08-19T07:54:59","slug":"modifiye-arac-meraklilari-babadagda-bulusuyor","status":"publish","type":"post","link":"https:\/\/www.egemtv.com\/?p=49720","title":{"rendered":"Modifiye ara\u00e7 merakl\u0131lar\u0131 Babada\u011f\u2019da bulu\u015fuyor"},"content":{"rendered":"<p>DEN\u0130ZL\u0130 (\u0130HA) \u2013 Denizli\u2019nin Babada\u011f Belediyesi modifiye ara\u00e7 merakl\u0131lar\u0131n\u0131 bir araya getirecek b\u00fcy\u00fck bir festivale ev sahipli\u011fi yapmaya haz\u0131rlan\u0131yor. 24 A\u011fustos\u2019ta ger\u00e7ekle\u015fecek festivalde g\u00f6steriler, m\u00fczik ve e\u011flence bir arada olacak.<\/p>\n<p>Babada\u011f Belediye Ba\u015fkan\u0131 Murat Kumral, modifiye ara\u00e7 tutkusunu il\u00e7eye ta\u015f\u0131mak amac\u0131yla ba\u015flatt\u0131\u011f\u0131 giri\u015fimler kapsam\u0131nda, daha \u00f6nce Modifiyeli Ara\u00e7lar Derne\u011fi (MODDER) Ba\u015fkan Yard\u0131mc\u0131s\u0131 Soner Y\u00fcreci ve Modifiyeli Ara\u00e7lar Kul\u00fcp Ba\u015fkan\u0131 Tahsin Akar ile bir araya geldi. Bu toplant\u0131lar\u0131n ard\u0131ndan heyecanla beklenen Babada\u011f Modifiyeli Ara\u00e7lar Festivalin program\u0131 netle\u015fti. 24 A\u011fustos Cumartesi g\u00fcn\u00fc saat 09.00 ile 17.00 aras\u0131nda ger\u00e7ekle\u015ftirilecek festivalde, modifiye ara\u00e7 sergilerinin yan\u0131 s\u0131ra otomobil \u015fovlar\u0131, ses ve \u0131\u015f\u0131k g\u00f6sterileri ile m\u00fczik performanslar\u0131 da yer alacak.<\/p>\n<p>T\u00fcm vatanda\u015flar\u0131 ve otomobil tutkunlar\u0131n\u0131 festivale davet eden Ba\u015fkan Murat Kumral, &#8220;Babada\u011f\u2019\u0131m\u0131za renk katacak heyecan dolu bir etkinlik i\u00e7in ilk ad\u0131mlar\u0131 att\u0131k. Gen\u00e7lerimize ve modifiye tutkunlar\u0131na hitap edecek bu organizasyon i\u00e7in \u015fimdiden b\u00fcy\u00fck bir heyecan duyuyoruz. Renkli ara\u00e7lar, g\u00fc\u00e7l\u00fc motorlar ve keyifli anlar i\u00e7in t\u00fcm hem\u015ferilerimizi ve otomobil tutkunlar\u0131n\u0131 Babada\u011f\u2019a bekliyoruz&#8221; dedi.<br \/><\/p>\n","protected":false},"excerpt":{"rendered":"<p>DEN\u0130ZL\u0130 (\u0130HA) \u2013 Denizli\u2019nin Babada\u011f Belediyesi modifiye ara\u00e7 merakl\u0131lar\u0131n\u0131 bir araya getirecek b\u00fcy\u00fck bir festivale ev sahipli\u011fi yapmaya haz\u0131rlan\u0131yor. 24 A\u011fustos\u2019ta ger\u00e7ekle\u015fecek festivalde g\u00f6steriler, m\u00fczik ve e\u011flence bir arada olacak. Babada\u011f Belediye Ba\u015fkan\u0131 Murat Kumral, modifiye ara\u00e7 tutkusunu il\u00e7eye ta\u015f\u0131mak amac\u0131yla ba\u015flatt\u0131\u011f\u0131 giri\u015fimler kapsam\u0131nda, daha \u00f6nce Modifiyeli Ara\u00e7lar Derne\u011fi (MODDER) Ba\u015fkan Yard\u0131mc\u0131s\u0131 Soner Y\u00fcreci ve&#8230;<\/p>\n","protected":false},"author":1,"featured_media":49721,"comment_status":"open","ping_status":"open","sticky":false,"template":"","format":"standard","meta":{"_crdt_document":"","footnotes":""},"categories":[123],"tags":[],"class_list":["post-49720","post","type-post","status-publish","format-standard","has-post-thumbnail","hentry","category-gundem"],"_links":{"self":[{"href":"https:\/\/www.egemtv.com\/index.php?rest_route=\/wp\/v2\/posts\/49720","targetHints":{"allow":["GET"]}}],"collection":[{"href":"https:\/\/www.egemtv.com\/index.php?rest_route=\/wp\/v2\/posts"}],"about":[{"href":"https:\/\/www.egemtv.com\/index.php?rest_route=\/wp\/v2\/types\/post"}],"author":[{"embeddable":true,"href":"https:\/\/www.egemtv.com\/index.php?rest_route=\/wp\/v2\/users\/1"}],"replies":[{"embeddable":true,"href":"https:\/\/www.egemtv.com\/index.php?rest_route=%2Fwp%2Fv2%2Fcomments&post=49720"}],"version-history":[{"count":1,"href":"https:\/\/www.egemtv.com\/index.php?rest_route=\/wp\/v2\/posts\/49720\/revisions"}],"predecessor-version":[{"id":49722,"href":"https:\/\/www.egemtv.com\/index.php?rest_route=\/wp\/v2\/posts\/49720\/revisions\/49722"}],"wp:featuredmedia":[{"embeddable":true,"href":"https:\/\/www.egemtv.com\/index.php?rest_route=\/wp\/v2\/media\/49721"}],"wp:attachment":[{"href":"https:\/\/www.egemtv.com\/index.php?rest_route=%2Fwp%2Fv2%2Fmedia&parent=49720"}],"wp:term":[{"taxonomy":"category","embeddable":true,"href":"https:\/\/www.egemtv.com\/index.php?rest_route=%2Fwp%2Fv2%2Fcategories&post=49720"},{"taxonomy":"post_tag","embeddable":true,"href":"https:\/\/www.egemtv.com\/index.php?rest_route=%2Fwp%2Fv2%2Ftags&post=49720"}],"curies":[{"name":"wp","href":"https:\/\/api.w.org\/{rel}","templated":true}]}}