{"id":49717,"date":"2025-08-19T10:54:56","date_gmt":"2025-08-19T07:54:56","guid":{"rendered":"https:\/\/www.egemtv.com\/?p=49717"},"modified":"2025-08-19T10:54:57","modified_gmt":"2025-08-19T07:54:57","slug":"tavsanlida-kadin-iscilerin-sicaga-karsi-mucadelesi","status":"publish","type":"post","link":"https:\/\/www.egemtv.com\/?p=49717","title":{"rendered":"Tav\u015fanl\u0131\u2019da kad\u0131n i\u015f\u00e7ilerin s\u0131ca\u011fa kar\u015f\u0131 m\u00fccadelesi"},"content":{"rendered":"<p>K\u00fctahya\u2019n\u0131n Tav\u015fanl\u0131 il\u00e7esinde, kavurucu s\u0131caklara ra\u011fmen ekmek paras\u0131 i\u00e7in \u00e7al\u0131\u015fan kad\u0131n i\u015f\u00e7iler takdir topluyor.<br \/>\n<br \/>Tav\u015fanl\u0131 Belediyesi Park ve Bah\u00e7eler M\u00fcd\u00fcrl\u00fc\u011f\u00fc\u2019ne ba\u011fl\u0131 olarak g\u00f6rev yapan bu ekip, s\u0131cakl\u0131klar\u0131n 35-40 dereceye ula\u015ft\u0131\u011f\u0131 bunalt\u0131c\u0131 havalarda bile ye\u015fil alanlar\u0131 korumak ve g\u00fczelle\u015ftirmek i\u00e7in canla ba\u015fla \u00e7al\u0131\u015f\u0131yor. \u0130l\u00e7enin en \u00e7al\u0131\u015fkan emek\u00e7ileri aras\u0131nda g\u00f6sterilen kad\u0131nlar, \u00f6zellikle Zincirlikaya Millet Bah\u00e7esi\u2019nde \u00f6\u011fle s\u0131ca\u011f\u0131nda \u00e7apa sallayarak, ot ve dikenleri temizleyerek \u00f6rnek bir \u00e7aba sergiliyor. Mahalle sakinleri de bu \u00f6zverili \u00e7al\u0131\u015fmalar\u0131 takdirle kar\u015f\u0131l\u0131yor. &#8220;A\u011fustos ay\u0131n\u0131n ortas\u0131nda, insan\u0131 bay\u0131ltacak bu s\u0131cakta \u00e7al\u0131\u015fan bu kad\u0131nlar, en de\u011ferli kamu hizmetlerinden birini yap\u0131yor,&#8221; diyen vatanda\u015flar, kad\u0131n i\u015f\u00e7ilerin emeklerinin paha bi\u00e7ilemez oldu\u011funu vurguluyor ve onlara i\u00e7ten te\u015fekk\u00fcrlerini sunuyor.<br \/>\n<br \/>\u00d6te yandan, kad\u0131n i\u015f\u00e7ilerin bu yo\u011fun eme\u011fine ra\u011fmen \u00e7evreye duyars\u0131z davrananlara da bir \u00e7a\u011fr\u0131 yap\u0131l\u0131yor. Park ve bah\u00e7elere \u00e7\u00f6p atan, t\u00fck\u00fcren veya kamelya ile \u00e7ocuk parklar\u0131na zarar veren ki\u015filerin, bu emekleri g\u00f6z \u00f6n\u00fcnde bulundurarak davran\u0131\u015flar\u0131n\u0131 de\u011fi\u015ftirmesi ve \u00e7evreye daha sayg\u0131l\u0131 olmas\u0131 bekleniyor.<br \/><\/p>\n","protected":false},"excerpt":{"rendered":"<p>K\u00fctahya\u2019n\u0131n Tav\u015fanl\u0131 il\u00e7esinde, kavurucu s\u0131caklara ra\u011fmen ekmek paras\u0131 i\u00e7in \u00e7al\u0131\u015fan kad\u0131n i\u015f\u00e7iler takdir topluyor. Tav\u015fanl\u0131 Belediyesi Park ve Bah\u00e7eler M\u00fcd\u00fcrl\u00fc\u011f\u00fc\u2019ne ba\u011fl\u0131 olarak g\u00f6rev yapan bu ekip, s\u0131cakl\u0131klar\u0131n 35-40 dereceye ula\u015ft\u0131\u011f\u0131 bunalt\u0131c\u0131 havalarda bile ye\u015fil alanlar\u0131 korumak ve g\u00fczelle\u015ftirmek i\u00e7in canla ba\u015fla \u00e7al\u0131\u015f\u0131yor. \u0130l\u00e7enin en \u00e7al\u0131\u015fkan emek\u00e7ileri aras\u0131nda g\u00f6sterilen kad\u0131nlar, \u00f6zellikle Zincirlikaya Millet Bah\u00e7esi\u2019nde \u00f6\u011fle s\u0131ca\u011f\u0131nda&#8230;<\/p>\n","protected":false},"author":1,"featured_media":49718,"comment_status":"open","ping_status":"open","sticky":false,"template":"","format":"standard","meta":{"_crdt_document":"","footnotes":""},"categories":[123],"tags":[],"class_list":["post-49717","post","type-post","status-publish","format-standard","has-post-thumbnail","hentry","category-gundem"],"_links":{"self":[{"href":"https:\/\/www.egemtv.com\/index.php?rest_route=\/wp\/v2\/posts\/49717","targetHints":{"allow":["GET"]}}],"collection":[{"href":"https:\/\/www.egemtv.com\/index.php?rest_route=\/wp\/v2\/posts"}],"about":[{"href":"https:\/\/www.egemtv.com\/index.php?rest_route=\/wp\/v2\/types\/post"}],"author":[{"embeddable":true,"href":"https:\/\/www.egemtv.com\/index.php?rest_route=\/wp\/v2\/users\/1"}],"replies":[{"embeddable":true,"href":"https:\/\/www.egemtv.com\/index.php?rest_route=%2Fwp%2Fv2%2Fcomments&post=49717"}],"version-history":[{"count":1,"href":"https:\/\/www.egemtv.com\/index.php?rest_route=\/wp\/v2\/posts\/49717\/revisions"}],"predecessor-version":[{"id":49719,"href":"https:\/\/www.egemtv.com\/index.php?rest_route=\/wp\/v2\/posts\/49717\/revisions\/49719"}],"wp:featuredmedia":[{"embeddable":true,"href":"https:\/\/www.egemtv.com\/index.php?rest_route=\/wp\/v2\/media\/49718"}],"wp:attachment":[{"href":"https:\/\/www.egemtv.com\/index.php?rest_route=%2Fwp%2Fv2%2Fmedia&parent=49717"}],"wp:term":[{"taxonomy":"category","embeddable":true,"href":"https:\/\/www.egemtv.com\/index.php?rest_route=%2Fwp%2Fv2%2Fcategories&post=49717"},{"taxonomy":"post_tag","embeddable":true,"href":"https:\/\/www.egemtv.com\/index.php?rest_route=%2Fwp%2Fv2%2Ftags&post=49717"}],"curies":[{"name":"wp","href":"https:\/\/api.w.org\/{rel}","templated":true}]}}