{"id":49714,"date":"2025-08-19T10:34:41","date_gmt":"2025-08-19T07:34:41","guid":{"rendered":"https:\/\/www.egemtv.com\/?p=49714"},"modified":"2025-08-19T10:34:42","modified_gmt":"2025-08-19T07:34:42","slug":"seyir-halindeki-2-tir-birbiriyle-carpisti","status":"publish","type":"post","link":"https:\/\/www.egemtv.com\/?p=49714","title":{"rendered":"Seyir halindeki 2 t\u0131r birbiriyle \u00e7arp\u0131\u015ft\u0131"},"content":{"rendered":"<p>Afyonkarahisar\u2019da seyir halindeki 2 t\u0131r\u0131n birbiriyle \u00e7arp\u0131\u015ft\u0131\u011f\u0131 ve ara\u00e7lardan birisinin yan yatt\u0131\u011f\u0131 trafik kazas\u0131 maddi hasarla atlat\u0131ld\u0131.<br \/>\n<br \/>Olay, d\u00fcn gece Afyonkarahisar-Ankara karayolu \u00fczerinde meydana geldi. Edinilen bilgilere g\u00f6re, 08 K 3009 plakal\u0131 t\u0131r ile plakas\u0131 \u00f6\u011frenilemeyen bir ba\u015fka t\u0131r hen\u00fcz bilinmeyen sebeple \u00e7arp\u0131\u015ft\u0131. Ya\u015fanan \u00e7arp\u0131\u015fma sonucunda 08 K 3009 plakal\u0131 t\u0131r yan yatt\u0131. Korkutan kaza maddi hasarla atlat\u0131ld\u0131. Kazada kimsenin yara almamas\u0131 teselli kayna\u011f\u0131 oldu.<br \/>\n<br \/>\u0130hbar \u00fczerine b\u00f6lgeye sevk edilen jandarma ekiplerince kazayla ilgili inceleme ba\u015flat\u0131ld\u0131.<br \/><\/p>\n","protected":false},"excerpt":{"rendered":"<p>Afyonkarahisar\u2019da seyir halindeki 2 t\u0131r\u0131n birbiriyle \u00e7arp\u0131\u015ft\u0131\u011f\u0131 ve ara\u00e7lardan birisinin yan yatt\u0131\u011f\u0131 trafik kazas\u0131 maddi hasarla atlat\u0131ld\u0131. Olay, d\u00fcn gece Afyonkarahisar-Ankara karayolu \u00fczerinde meydana geldi. Edinilen bilgilere g\u00f6re, 08 K 3009 plakal\u0131 t\u0131r ile plakas\u0131 \u00f6\u011frenilemeyen bir ba\u015fka t\u0131r hen\u00fcz bilinmeyen sebeple \u00e7arp\u0131\u015ft\u0131. Ya\u015fanan \u00e7arp\u0131\u015fma sonucunda 08 K 3009 plakal\u0131 t\u0131r yan yatt\u0131. Korkutan kaza&#8230;<\/p>\n","protected":false},"author":1,"featured_media":49715,"comment_status":"open","ping_status":"open","sticky":false,"template":"","format":"standard","meta":{"_crdt_document":"","footnotes":""},"categories":[5],"tags":[],"class_list":["post-49714","post","type-post","status-publish","format-standard","has-post-thumbnail","hentry","category-asayis"],"_links":{"self":[{"href":"https:\/\/www.egemtv.com\/index.php?rest_route=\/wp\/v2\/posts\/49714","targetHints":{"allow":["GET"]}}],"collection":[{"href":"https:\/\/www.egemtv.com\/index.php?rest_route=\/wp\/v2\/posts"}],"about":[{"href":"https:\/\/www.egemtv.com\/index.php?rest_route=\/wp\/v2\/types\/post"}],"author":[{"embeddable":true,"href":"https:\/\/www.egemtv.com\/index.php?rest_route=\/wp\/v2\/users\/1"}],"replies":[{"embeddable":true,"href":"https:\/\/www.egemtv.com\/index.php?rest_route=%2Fwp%2Fv2%2Fcomments&post=49714"}],"version-history":[{"count":1,"href":"https:\/\/www.egemtv.com\/index.php?rest_route=\/wp\/v2\/posts\/49714\/revisions"}],"predecessor-version":[{"id":49716,"href":"https:\/\/www.egemtv.com\/index.php?rest_route=\/wp\/v2\/posts\/49714\/revisions\/49716"}],"wp:featuredmedia":[{"embeddable":true,"href":"https:\/\/www.egemtv.com\/index.php?rest_route=\/wp\/v2\/media\/49715"}],"wp:attachment":[{"href":"https:\/\/www.egemtv.com\/index.php?rest_route=%2Fwp%2Fv2%2Fmedia&parent=49714"}],"wp:term":[{"taxonomy":"category","embeddable":true,"href":"https:\/\/www.egemtv.com\/index.php?rest_route=%2Fwp%2Fv2%2Fcategories&post=49714"},{"taxonomy":"post_tag","embeddable":true,"href":"https:\/\/www.egemtv.com\/index.php?rest_route=%2Fwp%2Fv2%2Ftags&post=49714"}],"curies":[{"name":"wp","href":"https:\/\/api.w.org\/{rel}","templated":true}]}}