{"id":49711,"date":"2025-08-19T10:34:39","date_gmt":"2025-08-19T07:34:39","guid":{"rendered":"https:\/\/www.egemtv.com\/?p=49711"},"modified":"2025-08-19T10:34:41","modified_gmt":"2025-08-19T07:34:41","slug":"karsiyaka-voleyboldan-libero-takviyesi","status":"publish","type":"post","link":"https:\/\/www.egemtv.com\/?p=49711","title":{"rendered":"Kar\u015f\u0131yaka Voleybol\u2019dan libero takviyesi"},"content":{"rendered":"<p>Kar\u015f\u0131yaka Voleybol, son olarak Be\u015fikta\u015f formas\u0131 giyen 31 ya\u015f\u0131ndaki libero Alara Altunda\u011f\u2019\u0131 kadrosuna katt\u0131.<br \/>\n<br \/>T\u00fcrkiye Kad\u0131nlar Voleybol 1. Ligi ekiplerinden Kar\u015f\u0131yaka, yeni sezon planlamas\u0131 kapsam\u0131nda \u00e7al\u0131\u015fmalar\u0131na devam ediyor. \u0130zmir ekibi libero b\u00f6lgesine takviye yaparak son olarak Be\u015fikta\u015f formas\u0131 giyen 31 ya\u015f\u0131ndaki deneyimli oyuncu Alara Altunda\u011f\u2019\u0131 kadrosuna katt\u0131\u011f\u0131n\u0131 duyurdu. Konuyla ilgili kul\u00fcpten yap\u0131lan a\u00e7\u0131klamada, &#8220;Ge\u00e7ti\u011fimiz sezonlarda Sigortahop, \u00c7ukurova Belediyesi, Karayollar\u0131 ve Be\u015fikta\u015f formalar\u0131 giyen ba\u015far\u0131l\u0131 libero Alara Altunda\u011f\u2019a Ho\u015f Geldin diyor, ba\u015far\u0131l\u0131 ve sa\u011fl\u0131kl\u0131 bir sezon ge\u00e7irmesini diliyoruz. Ailemize ho\u015f geldin, Alara&#8221; ifadelerine yer verildi.<br \/><\/p>\n","protected":false},"excerpt":{"rendered":"<p>Kar\u015f\u0131yaka Voleybol, son olarak Be\u015fikta\u015f formas\u0131 giyen 31 ya\u015f\u0131ndaki libero Alara Altunda\u011f\u2019\u0131 kadrosuna katt\u0131. T\u00fcrkiye Kad\u0131nlar Voleybol 1. Ligi ekiplerinden Kar\u015f\u0131yaka, yeni sezon planlamas\u0131 kapsam\u0131nda \u00e7al\u0131\u015fmalar\u0131na devam ediyor. \u0130zmir ekibi libero b\u00f6lgesine takviye yaparak son olarak Be\u015fikta\u015f formas\u0131 giyen 31 ya\u015f\u0131ndaki deneyimli oyuncu Alara Altunda\u011f\u2019\u0131 kadrosuna katt\u0131\u011f\u0131n\u0131 duyurdu. Konuyla ilgili kul\u00fcpten yap\u0131lan a\u00e7\u0131klamada, &#8220;Ge\u00e7ti\u011fimiz sezonlarda&#8230;<\/p>\n","protected":false},"author":1,"featured_media":49712,"comment_status":"open","ping_status":"open","sticky":false,"template":"","format":"standard","meta":{"_crdt_document":"","footnotes":""},"categories":[4],"tags":[],"class_list":["post-49711","post","type-post","status-publish","format-standard","has-post-thumbnail","hentry","category-spor"],"_links":{"self":[{"href":"https:\/\/www.egemtv.com\/index.php?rest_route=\/wp\/v2\/posts\/49711","targetHints":{"allow":["GET"]}}],"collection":[{"href":"https:\/\/www.egemtv.com\/index.php?rest_route=\/wp\/v2\/posts"}],"about":[{"href":"https:\/\/www.egemtv.com\/index.php?rest_route=\/wp\/v2\/types\/post"}],"author":[{"embeddable":true,"href":"https:\/\/www.egemtv.com\/index.php?rest_route=\/wp\/v2\/users\/1"}],"replies":[{"embeddable":true,"href":"https:\/\/www.egemtv.com\/index.php?rest_route=%2Fwp%2Fv2%2Fcomments&post=49711"}],"version-history":[{"count":1,"href":"https:\/\/www.egemtv.com\/index.php?rest_route=\/wp\/v2\/posts\/49711\/revisions"}],"predecessor-version":[{"id":49713,"href":"https:\/\/www.egemtv.com\/index.php?rest_route=\/wp\/v2\/posts\/49711\/revisions\/49713"}],"wp:featuredmedia":[{"embeddable":true,"href":"https:\/\/www.egemtv.com\/index.php?rest_route=\/wp\/v2\/media\/49712"}],"wp:attachment":[{"href":"https:\/\/www.egemtv.com\/index.php?rest_route=%2Fwp%2Fv2%2Fmedia&parent=49711"}],"wp:term":[{"taxonomy":"category","embeddable":true,"href":"https:\/\/www.egemtv.com\/index.php?rest_route=%2Fwp%2Fv2%2Fcategories&post=49711"},{"taxonomy":"post_tag","embeddable":true,"href":"https:\/\/www.egemtv.com\/index.php?rest_route=%2Fwp%2Fv2%2Ftags&post=49711"}],"curies":[{"name":"wp","href":"https:\/\/api.w.org\/{rel}","templated":true}]}}