{"id":49708,"date":"2025-08-19T10:15:31","date_gmt":"2025-08-19T07:15:31","guid":{"rendered":"https:\/\/www.egemtv.com\/?p=49708"},"modified":"2025-08-19T10:15:32","modified_gmt":"2025-08-19T07:15:32","slug":"sokede-aycicegi-veriminin-gecmis-yillari-geride-birakmasi-bekleniyor","status":"publish","type":"post","link":"https:\/\/www.egemtv.com\/?p=49708","title":{"rendered":"S\u00f6ke\u2019de ay\u00e7i\u00e7e\u011fi veriminin ge\u00e7mi\u015f y\u0131llar\u0131 geride b\u0131rakmas\u0131 bekleniyor"},"content":{"rendered":"<p>Ayd\u0131n\u2019\u0131n S\u00f6ke il\u00e7esinde hasat olgunlu\u011funa gelen ya\u011fl\u0131k ay\u00e7i\u00e7e\u011finde verim tahmin g\u00f6zlemleri yap\u0131l\u0131rken, bu y\u0131lki verimlerin ge\u00e7mi\u015f y\u0131llara oranla daha y\u00fcksek seviyede olaca\u011f\u0131 de\u011ferlendirildi.<\/p>\n<p>S\u00f6ke \u0130l\u00e7e Tar\u0131m ve Orman M\u00fcd\u00fcrl\u00fc\u011f\u00fc ekiplerinin sahada ger\u00e7ekle\u015ftirdi\u011fi incelemelerde, bu y\u0131lki verimlerin ge\u00e7mi\u015f y\u0131llara oranla daha y\u00fcksek seviyede olaca\u011f\u0131 de\u011ferlendirildi. Konuya ili\u015fkin S\u00f6ke \u0130l\u00e7e Tar\u0131m ve Orman M\u00fcd\u00fcrl\u00fc\u011f\u00fc\u2019nden yap\u0131lan a\u00e7\u0131klamada, &#8220;Hasat olgunlu\u011funa gelen ya\u011fl\u0131k ay\u00e7i\u00e7e\u011fi \u00fcr\u00fcn\u00fcnde verim tahmini g\u00f6zlemleri yap\u0131ld\u0131. Ay\u00e7i\u00e7e\u011fi verimlerinin ge\u00e7mi\u015f y\u0131llara nazaran daha yukar\u0131 d\u00fczeyde ger\u00e7ekle\u015fece\u011fi de\u011ferlendirilmektedir&#8221; ifadelerine yer verildi. \u0130l\u00e7ede tar\u0131msal \u00fcretimde \u00f6nemli bir paya sahip olan ay\u00e7i\u00e7e\u011finde y\u00fcksek verim beklentisi, \u00fcreticilerin de y\u00fcz\u00fcn\u00fc g\u00fcld\u00fcrd\u00fc.<br \/><\/p>\n","protected":false},"excerpt":{"rendered":"<p>Ayd\u0131n\u2019\u0131n S\u00f6ke il\u00e7esinde hasat olgunlu\u011funa gelen ya\u011fl\u0131k ay\u00e7i\u00e7e\u011finde verim tahmin g\u00f6zlemleri yap\u0131l\u0131rken, bu y\u0131lki verimlerin ge\u00e7mi\u015f y\u0131llara oranla daha y\u00fcksek seviyede olaca\u011f\u0131 de\u011ferlendirildi. S\u00f6ke \u0130l\u00e7e Tar\u0131m ve Orman M\u00fcd\u00fcrl\u00fc\u011f\u00fc ekiplerinin sahada ger\u00e7ekle\u015ftirdi\u011fi incelemelerde, bu y\u0131lki verimlerin ge\u00e7mi\u015f y\u0131llara oranla daha y\u00fcksek seviyede olaca\u011f\u0131 de\u011ferlendirildi. Konuya ili\u015fkin S\u00f6ke \u0130l\u00e7e Tar\u0131m ve Orman M\u00fcd\u00fcrl\u00fc\u011f\u00fc\u2019nden yap\u0131lan a\u00e7\u0131klamada, &#8220;Hasat&#8230;<\/p>\n","protected":false},"author":1,"featured_media":49709,"comment_status":"open","ping_status":"open","sticky":false,"template":"","format":"standard","meta":{"_crdt_document":"","footnotes":""},"categories":[1],"tags":[],"class_list":["post-49708","post","type-post","status-publish","format-standard","has-post-thumbnail","hentry","category-guncel"],"_links":{"self":[{"href":"https:\/\/www.egemtv.com\/index.php?rest_route=\/wp\/v2\/posts\/49708","targetHints":{"allow":["GET"]}}],"collection":[{"href":"https:\/\/www.egemtv.com\/index.php?rest_route=\/wp\/v2\/posts"}],"about":[{"href":"https:\/\/www.egemtv.com\/index.php?rest_route=\/wp\/v2\/types\/post"}],"author":[{"embeddable":true,"href":"https:\/\/www.egemtv.com\/index.php?rest_route=\/wp\/v2\/users\/1"}],"replies":[{"embeddable":true,"href":"https:\/\/www.egemtv.com\/index.php?rest_route=%2Fwp%2Fv2%2Fcomments&post=49708"}],"version-history":[{"count":1,"href":"https:\/\/www.egemtv.com\/index.php?rest_route=\/wp\/v2\/posts\/49708\/revisions"}],"predecessor-version":[{"id":49710,"href":"https:\/\/www.egemtv.com\/index.php?rest_route=\/wp\/v2\/posts\/49708\/revisions\/49710"}],"wp:featuredmedia":[{"embeddable":true,"href":"https:\/\/www.egemtv.com\/index.php?rest_route=\/wp\/v2\/media\/49709"}],"wp:attachment":[{"href":"https:\/\/www.egemtv.com\/index.php?rest_route=%2Fwp%2Fv2%2Fmedia&parent=49708"}],"wp:term":[{"taxonomy":"category","embeddable":true,"href":"https:\/\/www.egemtv.com\/index.php?rest_route=%2Fwp%2Fv2%2Fcategories&post=49708"},{"taxonomy":"post_tag","embeddable":true,"href":"https:\/\/www.egemtv.com\/index.php?rest_route=%2Fwp%2Fv2%2Ftags&post=49708"}],"curies":[{"name":"wp","href":"https:\/\/api.w.org\/{rel}","templated":true}]}}