{"id":49705,"date":"2025-08-19T09:55:44","date_gmt":"2025-08-19T06:55:44","guid":{"rendered":"https:\/\/www.egemtv.com\/?p=49705"},"modified":"2025-08-19T09:55:45","modified_gmt":"2025-08-19T06:55:45","slug":"germencikte-temizlik-ve-bakim-calismalari-suruyor","status":"publish","type":"post","link":"https:\/\/www.egemtv.com\/?p=49705","title":{"rendered":"Germencik\u2019te temizlik ve bak\u0131m \u00e7al\u0131\u015fmalar\u0131 s\u00fcr\u00fcyor"},"content":{"rendered":"<p>Germencik Belediyesi, il\u00e7enin d\u00f6rt bir yan\u0131nda temizlik ve bak\u0131m \u00e7al\u0131\u015fmalar\u0131n\u0131 aral\u0131ks\u0131z s\u00fcrd\u00fcr\u00fcyor. Belediye ekiplerinin ana yol, cadde ve sokaklarda d\u00fczenli olarak ger\u00e7ekle\u015ftirdi\u011fi \u00e7al\u0131\u015fmalar vatanda\u015flar\u0131n takdirini topluyor.<\/p>\n<p>Germencik Belediye Ba\u015fkan\u0131 Burak Zencirci, yap\u0131lan hizmetlerle hem daha sa\u011fl\u0131kl\u0131 bir ya\u015fam ortam\u0131 sa\u011fland\u0131\u011f\u0131n\u0131 hem de il\u00e7enin g\u00f6r\u00fcn\u00fcm\u00fcn\u00fcn modern ve temiz bir yap\u0131ya kavu\u015ftu\u011funu belirtti. Ba\u015fkan Zencirci, &#8220;Ekiplerimiz il\u00e7emizin her noktas\u0131nda ana yol, cadde ve sokaklarda d\u00fczenli temizlik ve bak\u0131m \u00e7al\u0131\u015fmalar\u0131n\u0131 s\u00fcrd\u00fcr\u00fcyor. \u2018Temiz \u00c7evre G\u00fczel \u0130l\u00e7e\u2019 slogan\u0131yla \u00e7al\u0131\u015fmaya devam ediyoruz&#8221; dedi.<br \/><\/p>\n","protected":false},"excerpt":{"rendered":"<p>Germencik Belediyesi, il\u00e7enin d\u00f6rt bir yan\u0131nda temizlik ve bak\u0131m \u00e7al\u0131\u015fmalar\u0131n\u0131 aral\u0131ks\u0131z s\u00fcrd\u00fcr\u00fcyor. Belediye ekiplerinin ana yol, cadde ve sokaklarda d\u00fczenli olarak ger\u00e7ekle\u015ftirdi\u011fi \u00e7al\u0131\u015fmalar vatanda\u015flar\u0131n takdirini topluyor. Germencik Belediye Ba\u015fkan\u0131 Burak Zencirci, yap\u0131lan hizmetlerle hem daha sa\u011fl\u0131kl\u0131 bir ya\u015fam ortam\u0131 sa\u011fland\u0131\u011f\u0131n\u0131 hem de il\u00e7enin g\u00f6r\u00fcn\u00fcm\u00fcn\u00fcn modern ve temiz bir yap\u0131ya kavu\u015ftu\u011funu belirtti. Ba\u015fkan Zencirci, &#8220;Ekiplerimiz il\u00e7emizin&#8230;<\/p>\n","protected":false},"author":1,"featured_media":49706,"comment_status":"open","ping_status":"open","sticky":false,"template":"","format":"standard","meta":{"_crdt_document":"","footnotes":""},"categories":[1],"tags":[],"class_list":["post-49705","post","type-post","status-publish","format-standard","has-post-thumbnail","hentry","category-guncel"],"_links":{"self":[{"href":"https:\/\/www.egemtv.com\/index.php?rest_route=\/wp\/v2\/posts\/49705","targetHints":{"allow":["GET"]}}],"collection":[{"href":"https:\/\/www.egemtv.com\/index.php?rest_route=\/wp\/v2\/posts"}],"about":[{"href":"https:\/\/www.egemtv.com\/index.php?rest_route=\/wp\/v2\/types\/post"}],"author":[{"embeddable":true,"href":"https:\/\/www.egemtv.com\/index.php?rest_route=\/wp\/v2\/users\/1"}],"replies":[{"embeddable":true,"href":"https:\/\/www.egemtv.com\/index.php?rest_route=%2Fwp%2Fv2%2Fcomments&post=49705"}],"version-history":[{"count":1,"href":"https:\/\/www.egemtv.com\/index.php?rest_route=\/wp\/v2\/posts\/49705\/revisions"}],"predecessor-version":[{"id":49707,"href":"https:\/\/www.egemtv.com\/index.php?rest_route=\/wp\/v2\/posts\/49705\/revisions\/49707"}],"wp:featuredmedia":[{"embeddable":true,"href":"https:\/\/www.egemtv.com\/index.php?rest_route=\/wp\/v2\/media\/49706"}],"wp:attachment":[{"href":"https:\/\/www.egemtv.com\/index.php?rest_route=%2Fwp%2Fv2%2Fmedia&parent=49705"}],"wp:term":[{"taxonomy":"category","embeddable":true,"href":"https:\/\/www.egemtv.com\/index.php?rest_route=%2Fwp%2Fv2%2Fcategories&post=49705"},{"taxonomy":"post_tag","embeddable":true,"href":"https:\/\/www.egemtv.com\/index.php?rest_route=%2Fwp%2Fv2%2Ftags&post=49705"}],"curies":[{"name":"wp","href":"https:\/\/api.w.org\/{rel}","templated":true}]}}