{"id":49702,"date":"2025-08-19T09:55:43","date_gmt":"2025-08-19T06:55:43","guid":{"rendered":"https:\/\/www.egemtv.com\/?p=49702"},"modified":"2025-08-19T09:55:44","modified_gmt":"2025-08-19T06:55:44","slug":"il-saglik-muduru-senkul-yeni-hizmete-giren-semt-polikliniginde-incelerde-bulundu","status":"publish","type":"post","link":"https:\/\/www.egemtv.com\/?p=49702","title":{"rendered":"\u0130l Sa\u011fl\u0131k M\u00fcd\u00fcr\u00fc \u015eenkul yeni hizmete giren semt poliklini\u011finde incelerde bulundu"},"content":{"rendered":"<p>Ayd\u0131n \u0130l Sa\u011fl\u0131k M\u00fcd\u00fcr\u00fc Dr. Eser \u015eenkul, ge\u00e7ti\u011fimiz g\u00fcnlerde hizmet vermeye ba\u015flayan Ayd\u0131n A\u011f\u0131z ve Di\u015f Sa\u011fl\u0131\u011f\u0131 Merkezi \u0130ncirliova Semt Poliklini\u011fini ziyaret ederek incelemelerde bulundu.<\/p>\n<p>Ziyarette poliklini\u011fin i\u015fleyi\u015fi, hasta yo\u011funlu\u011fu ve verilen sa\u011fl\u0131k hizmetleri hakk\u0131nda Ayd\u0131n A\u011f\u0131z ve Di\u015f Sa\u011fl\u0131\u011f\u0131 Merkezi Ba\u015fhekiminden bilgiler alan \u0130l Sa\u011fl\u0131k M\u00fcd\u00fcr\u00fc \u015eenkul, tedavi g\u00f6ren hastalarla da sohbet ederek ge\u00e7mi\u015f olsun dileklerini iletti. Semt poliklini\u011finde g\u00f6rev yapan di\u015f hekimleri ve sa\u011fl\u0131k personeli ile bir araya gelen \u015eenkul, \u00f6zverili \u00e7al\u0131\u015fmalar\u0131ndan dolay\u0131 te\u015fekk\u00fcr ederek g\u00f6revlerinde ba\u015far\u0131lar diledi.<\/p>\n<p>\u0130nceleme ziyaretine \u0130l Sa\u011fl\u0131k M\u00fcd\u00fcr\u00fc Dr. Eser \u015eenkul\u2019un yan\u0131 s\u0131ra Kamu Hastaneleri Hizmetleri Ba\u015fkan\u0131, Halk Sa\u011fl\u0131\u011f\u0131 Hizmetleri Ba\u015fkan\u0131, Halk Sa\u011fl\u0131\u011f\u0131 Hizmetleri Ba\u015fkan Yard\u0131mc\u0131s\u0131, Ayd\u0131n A\u011f\u0131z ve Di\u015f Sa\u011fl\u0131\u011f\u0131 Merkezi Ba\u015fhekimi, A\u011f\u0131z ve Di\u015f Sa\u011fl\u0131\u011f\u0131 Merkezi \u0130dari ve Mali \u0130\u015fler M\u00fcd\u00fcr\u00fc ile \u0130l\u00e7e Sa\u011fl\u0131k M\u00fcd\u00fcr Vekili de kat\u0131ld\u0131.<br \/><\/p>\n","protected":false},"excerpt":{"rendered":"<p>Ayd\u0131n \u0130l Sa\u011fl\u0131k M\u00fcd\u00fcr\u00fc Dr. Eser \u015eenkul, ge\u00e7ti\u011fimiz g\u00fcnlerde hizmet vermeye ba\u015flayan Ayd\u0131n A\u011f\u0131z ve Di\u015f Sa\u011fl\u0131\u011f\u0131 Merkezi \u0130ncirliova Semt Poliklini\u011fini ziyaret ederek incelemelerde bulundu. Ziyarette poliklini\u011fin i\u015fleyi\u015fi, hasta yo\u011funlu\u011fu ve verilen sa\u011fl\u0131k hizmetleri hakk\u0131nda Ayd\u0131n A\u011f\u0131z ve Di\u015f Sa\u011fl\u0131\u011f\u0131 Merkezi Ba\u015fhekiminden bilgiler alan \u0130l Sa\u011fl\u0131k M\u00fcd\u00fcr\u00fc \u015eenkul, tedavi g\u00f6ren hastalarla da sohbet ederek ge\u00e7mi\u015f&#8230;<\/p>\n","protected":false},"author":1,"featured_media":49703,"comment_status":"open","ping_status":"open","sticky":false,"template":"","format":"standard","meta":{"_crdt_document":"","footnotes":""},"categories":[1],"tags":[],"class_list":["post-49702","post","type-post","status-publish","format-standard","has-post-thumbnail","hentry","category-guncel"],"_links":{"self":[{"href":"https:\/\/www.egemtv.com\/index.php?rest_route=\/wp\/v2\/posts\/49702","targetHints":{"allow":["GET"]}}],"collection":[{"href":"https:\/\/www.egemtv.com\/index.php?rest_route=\/wp\/v2\/posts"}],"about":[{"href":"https:\/\/www.egemtv.com\/index.php?rest_route=\/wp\/v2\/types\/post"}],"author":[{"embeddable":true,"href":"https:\/\/www.egemtv.com\/index.php?rest_route=\/wp\/v2\/users\/1"}],"replies":[{"embeddable":true,"href":"https:\/\/www.egemtv.com\/index.php?rest_route=%2Fwp%2Fv2%2Fcomments&post=49702"}],"version-history":[{"count":1,"href":"https:\/\/www.egemtv.com\/index.php?rest_route=\/wp\/v2\/posts\/49702\/revisions"}],"predecessor-version":[{"id":49704,"href":"https:\/\/www.egemtv.com\/index.php?rest_route=\/wp\/v2\/posts\/49702\/revisions\/49704"}],"wp:featuredmedia":[{"embeddable":true,"href":"https:\/\/www.egemtv.com\/index.php?rest_route=\/wp\/v2\/media\/49703"}],"wp:attachment":[{"href":"https:\/\/www.egemtv.com\/index.php?rest_route=%2Fwp%2Fv2%2Fmedia&parent=49702"}],"wp:term":[{"taxonomy":"category","embeddable":true,"href":"https:\/\/www.egemtv.com\/index.php?rest_route=%2Fwp%2Fv2%2Fcategories&post=49702"},{"taxonomy":"post_tag","embeddable":true,"href":"https:\/\/www.egemtv.com\/index.php?rest_route=%2Fwp%2Fv2%2Ftags&post=49702"}],"curies":[{"name":"wp","href":"https:\/\/api.w.org\/{rel}","templated":true}]}}