{"id":49696,"date":"2025-08-19T09:35:27","date_gmt":"2025-08-19T06:35:27","guid":{"rendered":"https:\/\/www.egemtv.com\/?p=49696"},"modified":"2025-08-19T09:35:28","modified_gmt":"2025-08-19T06:35:28","slug":"mugla-orman-bolge-mudurlugunde-yeni-atanan-soforlere-isbasi-egitimi","status":"publish","type":"post","link":"https:\/\/www.egemtv.com\/?p=49696","title":{"rendered":"Mu\u011fla Orman B\u00f6lge M\u00fcd\u00fcrl\u00fc\u011f\u00fcnde yeni atanan \u015fof\u00f6rlere i\u015fba\u015f\u0131 e\u011fitimi"},"content":{"rendered":"<p>Mu\u011fla Orman B\u00f6lge M\u00fcd\u00fcrl\u00fc\u011f\u00fc\u2019ne yeni atanan memur \u015fof\u00f6rlere y\u00f6nelik i\u015fba\u015f\u0131 e\u011fitimi ger\u00e7ekle\u015ftirildi.<\/p>\n<p>Kadastro toplant\u0131 salonunda d\u00fczenlenen e\u011fitim kapsam\u0131nda yeni g\u00f6revlerine ba\u015flayan \u015fof\u00f6rlere, mesleki sorumluluklar\u0131, ara\u00e7 kullan\u0131m\u0131 ve i\u015f g\u00fcvenli\u011fi konular\u0131nda bilgiler aktar\u0131ld\u0131. Programda ayr\u0131ca \u015fof\u00f6rlerin g\u00f6revlerini daha etkin ve g\u00fcvenli \u015fekilde yerine getirmeleri i\u00e7in dikkat etmeleri gereken hususlar \u00fczerinde duruldu. B\u00f6lge M\u00fcd\u00fcr\u00fc Mustafa \u00dclk\u00fcd\u00fcr, \u015fof\u00f6rlerin orman te\u015fkilat\u0131n\u0131n sahadaki en \u00f6nemli destek unsurlar\u0131ndan biri oldu\u011funu vurgulayarak, &#8220;G\u00f6reve ba\u015flayan t\u00fcm arkada\u015flar\u0131m\u0131za ba\u015far\u0131lar diliyorum. Orman te\u015fkilat\u0131 olarak hep birlikte daha g\u00fc\u00e7l\u00fc bir \u015fekilde \u00e7al\u0131\u015fmaya devam edece\u011fiz&#8221; dedi.<\/p>\n<p>E\u011fitim program\u0131na B\u00f6lge M\u00fcd\u00fcr\u00fc Mustafa \u00dclk\u00fcd\u00fcr, B\u00f6lge M\u00fcd\u00fcr Yard\u0131mc\u0131s\u0131 \u00d6zg\u00fcr C\u0131l\u0131z, Makine \u0130kmal \u015eube M\u00fcd\u00fcr\u00fc Murat S\u00fcr\u00fcc\u00fc, Mu\u011fla Orman \u0130\u015fletme M\u00fcd\u00fcr\u00fc T\u00fcrker U\u011fur, Y\u0131lanl\u0131 Orman \u0130\u015fletme M\u00fcd\u00fcr\u00fc Alptekin Bozkurt Karap\u00fcr ve At\u00f6lye \u015eefi Ali \u00c7oban kat\u0131ld\u0131.<br \/><\/p>\n","protected":false},"excerpt":{"rendered":"<p>Mu\u011fla Orman B\u00f6lge M\u00fcd\u00fcrl\u00fc\u011f\u00fc\u2019ne yeni atanan memur \u015fof\u00f6rlere y\u00f6nelik i\u015fba\u015f\u0131 e\u011fitimi ger\u00e7ekle\u015ftirildi. Kadastro toplant\u0131 salonunda d\u00fczenlenen e\u011fitim kapsam\u0131nda yeni g\u00f6revlerine ba\u015flayan \u015fof\u00f6rlere, mesleki sorumluluklar\u0131, ara\u00e7 kullan\u0131m\u0131 ve i\u015f g\u00fcvenli\u011fi konular\u0131nda bilgiler aktar\u0131ld\u0131. Programda ayr\u0131ca \u015fof\u00f6rlerin g\u00f6revlerini daha etkin ve g\u00fcvenli \u015fekilde yerine getirmeleri i\u00e7in dikkat etmeleri gereken hususlar \u00fczerinde duruldu. B\u00f6lge M\u00fcd\u00fcr\u00fc Mustafa \u00dclk\u00fcd\u00fcr, \u015fof\u00f6rlerin&#8230;<\/p>\n","protected":false},"author":1,"featured_media":49697,"comment_status":"open","ping_status":"open","sticky":false,"template":"","format":"standard","meta":{"_crdt_document":"","footnotes":""},"categories":[1],"tags":[],"class_list":["post-49696","post","type-post","status-publish","format-standard","has-post-thumbnail","hentry","category-guncel"],"_links":{"self":[{"href":"https:\/\/www.egemtv.com\/index.php?rest_route=\/wp\/v2\/posts\/49696","targetHints":{"allow":["GET"]}}],"collection":[{"href":"https:\/\/www.egemtv.com\/index.php?rest_route=\/wp\/v2\/posts"}],"about":[{"href":"https:\/\/www.egemtv.com\/index.php?rest_route=\/wp\/v2\/types\/post"}],"author":[{"embeddable":true,"href":"https:\/\/www.egemtv.com\/index.php?rest_route=\/wp\/v2\/users\/1"}],"replies":[{"embeddable":true,"href":"https:\/\/www.egemtv.com\/index.php?rest_route=%2Fwp%2Fv2%2Fcomments&post=49696"}],"version-history":[{"count":1,"href":"https:\/\/www.egemtv.com\/index.php?rest_route=\/wp\/v2\/posts\/49696\/revisions"}],"predecessor-version":[{"id":49698,"href":"https:\/\/www.egemtv.com\/index.php?rest_route=\/wp\/v2\/posts\/49696\/revisions\/49698"}],"wp:featuredmedia":[{"embeddable":true,"href":"https:\/\/www.egemtv.com\/index.php?rest_route=\/wp\/v2\/media\/49697"}],"wp:attachment":[{"href":"https:\/\/www.egemtv.com\/index.php?rest_route=%2Fwp%2Fv2%2Fmedia&parent=49696"}],"wp:term":[{"taxonomy":"category","embeddable":true,"href":"https:\/\/www.egemtv.com\/index.php?rest_route=%2Fwp%2Fv2%2Fcategories&post=49696"},{"taxonomy":"post_tag","embeddable":true,"href":"https:\/\/www.egemtv.com\/index.php?rest_route=%2Fwp%2Fv2%2Ftags&post=49696"}],"curies":[{"name":"wp","href":"https:\/\/api.w.org\/{rel}","templated":true}]}}