{"id":49690,"date":"2025-08-19T09:14:53","date_gmt":"2025-08-19T06:14:53","guid":{"rendered":"https:\/\/www.egemtv.com\/?p=49690"},"modified":"2025-08-19T09:14:53","modified_gmt":"2025-08-19T06:14:53","slug":"kutahya-valisi-musa-isin-emetteki-egitim-yatirimlarini-yerinde-inceledi","status":"publish","type":"post","link":"https:\/\/www.egemtv.com\/?p=49690","title":{"rendered":"K\u00fctahya Valisi Musa I\u015f\u0131n, Emet\u2019teki e\u011fitim yat\u0131r\u0131mlar\u0131n\u0131 yerinde inceledi"},"content":{"rendered":"<p>K\u00fctahya Valisi Musa I\u015f\u0131n, Emet il\u00e7esindeki Cevizdere \u015eehitleri Mesleki ve Teknik Anadolu Lisesi ile yap\u0131m\u0131 devam eden 100 yatak kapasiteli Emet \u0130mam Hatip Lisesi Pansiyonu in\u015faat alan\u0131n\u0131 ziyaret ederek \u00e7al\u0131\u015fmalar\u0131 yerinde inceledi.<br \/>\n<br \/>\u0130nceleme program\u0131na, AK Parti K\u00fctahya Milletvekili \u0130smail \u00c7a\u011flar Bay\u0131rc\u0131, Emet Kaymakam\u0131 Mehmet Alperen Ba\u015fkapan, Emet Belediye Ba\u015fkan\u0131 Mustafa Koca ve AK Parti \u0130l Ba\u015fkan\u0131 Ceyda \u00c7etin Erenler kat\u0131ld\u0131.<br \/>\n<br \/>Vali Musa I\u015f\u0131n, \u0130l\u00e7e Milli E\u011fitim M\u00fcd\u00fcr\u00fc Bilal \u015een\u2019den projelerin son durumu hakk\u0131nda bilgi ald\u0131. E\u011fitim altyap\u0131s\u0131n\u0131n g\u00fc\u00e7lendirilmesine y\u00f6nelik yat\u0131r\u0131mlar\u0131n \u00f6nemine dikkat \u00e7eken Vali I\u015f\u0131n, in\u015faatlar\u0131n tamamlanmas\u0131yla birlikte il\u00e7edeki \u00f6\u011frencilerin daha modern ve donan\u0131ml\u0131 ortamlarda e\u011fitim g\u00f6rece\u011fini ifade etti.<br \/><\/p>\n","protected":false},"excerpt":{"rendered":"<p>K\u00fctahya Valisi Musa I\u015f\u0131n, Emet il\u00e7esindeki Cevizdere \u015eehitleri Mesleki ve Teknik Anadolu Lisesi ile yap\u0131m\u0131 devam eden 100 yatak kapasiteli Emet \u0130mam Hatip Lisesi Pansiyonu in\u015faat alan\u0131n\u0131 ziyaret ederek \u00e7al\u0131\u015fmalar\u0131 yerinde inceledi. \u0130nceleme program\u0131na, AK Parti K\u00fctahya Milletvekili \u0130smail \u00c7a\u011flar Bay\u0131rc\u0131, Emet Kaymakam\u0131 Mehmet Alperen Ba\u015fkapan, Emet Belediye Ba\u015fkan\u0131 Mustafa Koca ve AK Parti \u0130l&#8230;<\/p>\n","protected":false},"author":1,"featured_media":49691,"comment_status":"open","ping_status":"open","sticky":false,"template":"","format":"standard","meta":{"_crdt_document":"","footnotes":""},"categories":[1],"tags":[],"class_list":["post-49690","post","type-post","status-publish","format-standard","has-post-thumbnail","hentry","category-guncel"],"_links":{"self":[{"href":"https:\/\/www.egemtv.com\/index.php?rest_route=\/wp\/v2\/posts\/49690","targetHints":{"allow":["GET"]}}],"collection":[{"href":"https:\/\/www.egemtv.com\/index.php?rest_route=\/wp\/v2\/posts"}],"about":[{"href":"https:\/\/www.egemtv.com\/index.php?rest_route=\/wp\/v2\/types\/post"}],"author":[{"embeddable":true,"href":"https:\/\/www.egemtv.com\/index.php?rest_route=\/wp\/v2\/users\/1"}],"replies":[{"embeddable":true,"href":"https:\/\/www.egemtv.com\/index.php?rest_route=%2Fwp%2Fv2%2Fcomments&post=49690"}],"version-history":[{"count":1,"href":"https:\/\/www.egemtv.com\/index.php?rest_route=\/wp\/v2\/posts\/49690\/revisions"}],"predecessor-version":[{"id":49692,"href":"https:\/\/www.egemtv.com\/index.php?rest_route=\/wp\/v2\/posts\/49690\/revisions\/49692"}],"wp:featuredmedia":[{"embeddable":true,"href":"https:\/\/www.egemtv.com\/index.php?rest_route=\/wp\/v2\/media\/49691"}],"wp:attachment":[{"href":"https:\/\/www.egemtv.com\/index.php?rest_route=%2Fwp%2Fv2%2Fmedia&parent=49690"}],"wp:term":[{"taxonomy":"category","embeddable":true,"href":"https:\/\/www.egemtv.com\/index.php?rest_route=%2Fwp%2Fv2%2Fcategories&post=49690"},{"taxonomy":"post_tag","embeddable":true,"href":"https:\/\/www.egemtv.com\/index.php?rest_route=%2Fwp%2Fv2%2Ftags&post=49690"}],"curies":[{"name":"wp","href":"https:\/\/api.w.org\/{rel}","templated":true}]}}