{"id":49687,"date":"2025-08-19T09:14:52","date_gmt":"2025-08-19T06:14:52","guid":{"rendered":"https:\/\/www.egemtv.com\/?p=49687"},"modified":"2025-08-19T09:14:53","modified_gmt":"2025-08-19T06:14:53","slug":"tarihi-emet-haninda-restorasyon-calismalari-devam-ediyor","status":"publish","type":"post","link":"https:\/\/www.egemtv.com\/?p=49687","title":{"rendered":"Tarihi Emet Han\u0131\u2019nda restorasyon \u00e7al\u0131\u015fmalar\u0131 devam ediyor"},"content":{"rendered":"<p>K\u00fctahya Valisi Musa I\u015f\u0131n, Mill\u00ee M\u00fccadele y\u0131llar\u0131nda Emet Milli M\u00fcfreze Kararg\u00e2h\u0131 olarak hizmet veren ve Zeytino\u011flu Han\u0131 olarak da bilinen tarihi Emet Han\u0131\u2019nda y\u00fcr\u00fct\u00fclen restorasyon \u00e7al\u0131\u015fmalar\u0131n\u0131 yerinde inceledi.<br \/>\n<br \/>Vali I\u015f\u0131n\u2019\u0131n inceleme program\u0131na, AK Parti K\u00fctahya Milletvekili \u0130smail \u00c7a\u011flar Bay\u0131rc\u0131, Emet Kaymakam\u0131 Mehmet Alperen Ba\u015fkapan, Emet Belediye Ba\u015fkan\u0131 Mustafa Koca ve AK Parti \u0130l Ba\u015fkan\u0131 Ceyda \u00c7etin Erenler de kat\u0131ld\u0131.<br \/>\n<br \/>Vali Musa I\u015f\u0131n, yap\u0131lan \u00e7al\u0131\u015fmalar hakk\u0131nda yetkililerden bilgi ald\u0131. Tarihi kimli\u011fin korunmas\u0131n\u0131n \u00f6nemine dikkat \u00e7eken Vali I\u015f\u0131n, restorasyonun tamamlanmas\u0131yla birlikte han\u0131n hem il\u00e7eye hem de b\u00f6lge turizmine \u00f6nemli katk\u0131lar sunaca\u011f\u0131n\u0131 belirtti.<br \/><\/p>\n","protected":false},"excerpt":{"rendered":"<p>K\u00fctahya Valisi Musa I\u015f\u0131n, Mill\u00ee M\u00fccadele y\u0131llar\u0131nda Emet Milli M\u00fcfreze Kararg\u00e2h\u0131 olarak hizmet veren ve Zeytino\u011flu Han\u0131 olarak da bilinen tarihi Emet Han\u0131\u2019nda y\u00fcr\u00fct\u00fclen restorasyon \u00e7al\u0131\u015fmalar\u0131n\u0131 yerinde inceledi. Vali I\u015f\u0131n\u2019\u0131n inceleme program\u0131na, AK Parti K\u00fctahya Milletvekili \u0130smail \u00c7a\u011flar Bay\u0131rc\u0131, Emet Kaymakam\u0131 Mehmet Alperen Ba\u015fkapan, Emet Belediye Ba\u015fkan\u0131 Mustafa Koca ve AK Parti \u0130l Ba\u015fkan\u0131 Ceyda&#8230;<\/p>\n","protected":false},"author":1,"featured_media":49688,"comment_status":"open","ping_status":"open","sticky":false,"template":"","format":"standard","meta":{"_crdt_document":"","footnotes":""},"categories":[1],"tags":[],"class_list":["post-49687","post","type-post","status-publish","format-standard","has-post-thumbnail","hentry","category-guncel"],"_links":{"self":[{"href":"https:\/\/www.egemtv.com\/index.php?rest_route=\/wp\/v2\/posts\/49687","targetHints":{"allow":["GET"]}}],"collection":[{"href":"https:\/\/www.egemtv.com\/index.php?rest_route=\/wp\/v2\/posts"}],"about":[{"href":"https:\/\/www.egemtv.com\/index.php?rest_route=\/wp\/v2\/types\/post"}],"author":[{"embeddable":true,"href":"https:\/\/www.egemtv.com\/index.php?rest_route=\/wp\/v2\/users\/1"}],"replies":[{"embeddable":true,"href":"https:\/\/www.egemtv.com\/index.php?rest_route=%2Fwp%2Fv2%2Fcomments&post=49687"}],"version-history":[{"count":1,"href":"https:\/\/www.egemtv.com\/index.php?rest_route=\/wp\/v2\/posts\/49687\/revisions"}],"predecessor-version":[{"id":49689,"href":"https:\/\/www.egemtv.com\/index.php?rest_route=\/wp\/v2\/posts\/49687\/revisions\/49689"}],"wp:featuredmedia":[{"embeddable":true,"href":"https:\/\/www.egemtv.com\/index.php?rest_route=\/wp\/v2\/media\/49688"}],"wp:attachment":[{"href":"https:\/\/www.egemtv.com\/index.php?rest_route=%2Fwp%2Fv2%2Fmedia&parent=49687"}],"wp:term":[{"taxonomy":"category","embeddable":true,"href":"https:\/\/www.egemtv.com\/index.php?rest_route=%2Fwp%2Fv2%2Fcategories&post=49687"},{"taxonomy":"post_tag","embeddable":true,"href":"https:\/\/www.egemtv.com\/index.php?rest_route=%2Fwp%2Fv2%2Ftags&post=49687"}],"curies":[{"name":"wp","href":"https:\/\/api.w.org\/{rel}","templated":true}]}}