{"id":49684,"date":"2025-08-19T09:14:51","date_gmt":"2025-08-19T06:14:51","guid":{"rendered":"https:\/\/www.egemtv.com\/?p=49684"},"modified":"2025-08-19T09:14:52","modified_gmt":"2025-08-19T06:14:52","slug":"usakta-2025-tarim-sayimi-calismalari-suruyor","status":"publish","type":"post","link":"https:\/\/www.egemtv.com\/?p=49684","title":{"rendered":"U\u015fak\u2019ta 2025 Tar\u0131m Say\u0131m\u0131 \u00e7al\u0131\u015fmalar\u0131 s\u00fcr\u00fcyor"},"content":{"rendered":"<p>U\u015fak\u2019ta 2025 Tar\u0131m Say\u0131m\u0131 \u00e7al\u0131\u015fmalar\u0131 t\u00fcm h\u0131z\u0131yla devam ediyor. \u0130l merkezi ba\u015fta olmak \u00fczere Banaz, E\u015fme, Ulubey, Karahall\u0131 ve Sivasl\u0131 il\u00e7elerinde veriler toplan\u0131yor, yerinde incelemeler yap\u0131l\u0131yor.<\/p>\n<p>\u0130l Tar\u0131m ve Orman M\u00fcd\u00fcrl\u00fc\u011f\u00fc taraf\u0131ndan koordine edilen \u00e7al\u0131\u015fmalar, tar\u0131m\u0131n mevcut durumunu do\u011fru bir \u015fekilde ortaya koymak ve \u00fcretim planlamas\u0131na katk\u0131 sa\u011flamak a\u00e7\u0131s\u0131ndan b\u00fcy\u00fck \u00f6nem ta\u015f\u0131yor. Tar\u0131m say\u0131m\u0131yla birlikte s\u00f6zle\u015fmeli \u00fcretim \u00e7e\u015fitlili\u011fi, \u00fcr\u00fcn desenleri ve \u00fcretim teknikleri hakk\u0131nda detayl\u0131 veriler elde edilerek, hem yerel hem de ulusal tar\u0131m politikalar\u0131n\u0131n \u015fekillenmesine katk\u0131 sunulmas\u0131 hedefleniyor.<\/p>\n<p>Say\u0131m s\u00fcrecinde yaln\u0131zca rakamsal veriler de\u011fil, ayn\u0131 zamanda \u00e7ift\u00e7ilerle yap\u0131lan g\u00f6r\u00fc\u015fmeler arac\u0131l\u0131\u011f\u0131yla \u00fcreticilerin kar\u015f\u0131la\u015ft\u0131\u011f\u0131 sorunlar ve talepler de kay\u0131t alt\u0131na al\u0131n\u0131yor. B\u00f6ylece tar\u0131msal \u00fcretimin s\u00fcrd\u00fcr\u00fclebilirli\u011fi i\u00e7in yerel d\u00fczeydeki ihtiya\u00e7lar daha etkin bir \u015fekilde belirleniyor.<\/p>\n<p>U\u015fak \u0130l Tar\u0131m ve Orman M\u00fcd\u00fcrl\u00fc\u011f\u00fc, 2025 y\u0131l\u0131 boyunca il genelinde devam edecek say\u0131m \u00e7al\u0131\u015fmalar\u0131nda \u00fcreticilerin deste\u011finin \u00f6nemine dikkat \u00e7ekerek, sa\u011flanacak verilerin tar\u0131msal y\u00f6netimin geli\u015ftirilmesine katk\u0131 sa\u011flayaca\u011f\u0131n\u0131 bildirdi.<br \/><\/p>\n","protected":false},"excerpt":{"rendered":"<p>U\u015fak\u2019ta 2025 Tar\u0131m Say\u0131m\u0131 \u00e7al\u0131\u015fmalar\u0131 t\u00fcm h\u0131z\u0131yla devam ediyor. \u0130l merkezi ba\u015fta olmak \u00fczere Banaz, E\u015fme, Ulubey, Karahall\u0131 ve Sivasl\u0131 il\u00e7elerinde veriler toplan\u0131yor, yerinde incelemeler yap\u0131l\u0131yor. \u0130l Tar\u0131m ve Orman M\u00fcd\u00fcrl\u00fc\u011f\u00fc taraf\u0131ndan koordine edilen \u00e7al\u0131\u015fmalar, tar\u0131m\u0131n mevcut durumunu do\u011fru bir \u015fekilde ortaya koymak ve \u00fcretim planlamas\u0131na katk\u0131 sa\u011flamak a\u00e7\u0131s\u0131ndan b\u00fcy\u00fck \u00f6nem ta\u015f\u0131yor. Tar\u0131m say\u0131m\u0131yla birlikte&#8230;<\/p>\n","protected":false},"author":1,"featured_media":49685,"comment_status":"open","ping_status":"open","sticky":false,"template":"","format":"standard","meta":{"_crdt_document":"","footnotes":""},"categories":[125],"tags":[],"class_list":["post-49684","post","type-post","status-publish","format-standard","has-post-thumbnail","hentry","category-ekonomi"],"_links":{"self":[{"href":"https:\/\/www.egemtv.com\/index.php?rest_route=\/wp\/v2\/posts\/49684","targetHints":{"allow":["GET"]}}],"collection":[{"href":"https:\/\/www.egemtv.com\/index.php?rest_route=\/wp\/v2\/posts"}],"about":[{"href":"https:\/\/www.egemtv.com\/index.php?rest_route=\/wp\/v2\/types\/post"}],"author":[{"embeddable":true,"href":"https:\/\/www.egemtv.com\/index.php?rest_route=\/wp\/v2\/users\/1"}],"replies":[{"embeddable":true,"href":"https:\/\/www.egemtv.com\/index.php?rest_route=%2Fwp%2Fv2%2Fcomments&post=49684"}],"version-history":[{"count":1,"href":"https:\/\/www.egemtv.com\/index.php?rest_route=\/wp\/v2\/posts\/49684\/revisions"}],"predecessor-version":[{"id":49686,"href":"https:\/\/www.egemtv.com\/index.php?rest_route=\/wp\/v2\/posts\/49684\/revisions\/49686"}],"wp:featuredmedia":[{"embeddable":true,"href":"https:\/\/www.egemtv.com\/index.php?rest_route=\/wp\/v2\/media\/49685"}],"wp:attachment":[{"href":"https:\/\/www.egemtv.com\/index.php?rest_route=%2Fwp%2Fv2%2Fmedia&parent=49684"}],"wp:term":[{"taxonomy":"category","embeddable":true,"href":"https:\/\/www.egemtv.com\/index.php?rest_route=%2Fwp%2Fv2%2Fcategories&post=49684"},{"taxonomy":"post_tag","embeddable":true,"href":"https:\/\/www.egemtv.com\/index.php?rest_route=%2Fwp%2Fv2%2Ftags&post=49684"}],"curies":[{"name":"wp","href":"https:\/\/api.w.org\/{rel}","templated":true}]}}