{"id":49681,"date":"2025-08-19T09:14:51","date_gmt":"2025-08-19T06:14:51","guid":{"rendered":"https:\/\/www.egemtv.com\/?p=49681"},"modified":"2025-08-19T09:14:51","modified_gmt":"2025-08-19T06:14:51","slug":"kusadasinda-ilginc-kavga-2-kadin-bir-erkek-mahalleyi-ayaga-kaldirdi","status":"publish","type":"post","link":"https:\/\/www.egemtv.com\/?p=49681","title":{"rendered":"Ku\u015fadas\u0131\u2019nda ilgin\u00e7 kavga, 2 kad\u0131n bir erkek mahalleyi aya\u011fa kald\u0131rd\u0131"},"content":{"rendered":"<p>Ayd\u0131n\u2019\u0131n Ku\u015fadas\u0131 il\u00e7esinde 2 kad\u0131n bir erkek sokak ortas\u0131nda a\u011fza al\u0131nmayacak k\u00fcf\u00fcrler edip birbirlerine sald\u0131rd\u0131. Sebebinin ne oldu\u011fu bilinmeyen kavgada taraflar \u00e7evredekilere ald\u0131r\u0131\u015f etmeden birbirlerine darp etti. \u0130lgin\u00e7 olay kameralara b\u00f6yle yans\u0131d\u0131.<br \/>\n<br \/>Olay Ege Mahallesi\u2019nde ya\u015fand\u0131. Gece saatlerinde 2 kad\u0131n ile bir erkek aras\u0131nda bilinmeyen bir nedenle yol ortas\u0131nda kavga \u00e7\u0131kt\u0131. Vatanda\u015f kameras\u0131na yans\u0131yan g\u00f6r\u00fcnt\u00fclere g\u00f6re; Biri gen\u00e7 ya\u015fta otomobil s\u00fcr\u00fcc\u00fcs\u00fc kad\u0131n di\u011feri orta ya\u015fta 2 kad\u0131n \u00f6nce yak\u0131n tan\u0131d\u0131klar\u0131 odlu\u011fu tahmin edilen bir erke\u011fi yanlar\u0131na \u00e7a\u011f\u0131r\u0131p tartaklamaya ba\u015flad\u0131lar. Bunun \u00fczerine erkek \u015fah\u0131s da kad\u0131nlara kar\u015f\u0131l\u0131k verdi. Bu s\u0131rada erkek \u015fah\u0131s otomobilin s\u00fcr\u00fcc\u00fc koltu\u011funda oturan kad\u0131nla da tart\u0131\u015ft\u0131. Otomobilin kap\u0131s\u0131n\u0131 a\u00e7mak isterken kad\u0131n s\u00fcr\u00fcc\u00fc \u015fahs\u0131n elini otomobil kap\u0131s\u0131 ile s\u0131k\u0131\u015ft\u0131rd\u0131. Bir m\u00fcddet s\u00fcren 2 kad\u0131n bir erkek kavgas\u0131 kameralara bu \u015fekilde yans\u0131rken, kavgaya hi\u00e7 kimsenin m\u00fcdahale etmemesi dikkat \u00e7ekti. Uzun s\u00fcre kavga edip birbirlerine darp eden kad\u0131nlar\u0131n da erkek \u015fahs\u0131n da birbirlerinden \u015fikayet\u00e7i olmad\u0131klar\u0131 \u00f6\u011frenildi. Kavgadan geriye bu g\u00f6r\u00fcnt\u00fcler kald\u0131.<br \/><\/p>\n","protected":false},"excerpt":{"rendered":"<p>Ayd\u0131n\u2019\u0131n Ku\u015fadas\u0131 il\u00e7esinde 2 kad\u0131n bir erkek sokak ortas\u0131nda a\u011fza al\u0131nmayacak k\u00fcf\u00fcrler edip birbirlerine sald\u0131rd\u0131. Sebebinin ne oldu\u011fu bilinmeyen kavgada taraflar \u00e7evredekilere ald\u0131r\u0131\u015f etmeden birbirlerine darp etti. \u0130lgin\u00e7 olay kameralara b\u00f6yle yans\u0131d\u0131. Olay Ege Mahallesi\u2019nde ya\u015fand\u0131. Gece saatlerinde 2 kad\u0131n ile bir erkek aras\u0131nda bilinmeyen bir nedenle yol ortas\u0131nda kavga \u00e7\u0131kt\u0131. Vatanda\u015f kameras\u0131na yans\u0131yan g\u00f6r\u00fcnt\u00fclere&#8230;<\/p>\n","protected":false},"author":1,"featured_media":49682,"comment_status":"open","ping_status":"open","sticky":false,"template":"","format":"standard","meta":{"_crdt_document":"","footnotes":""},"categories":[5],"tags":[],"class_list":["post-49681","post","type-post","status-publish","format-standard","has-post-thumbnail","hentry","category-asayis"],"_links":{"self":[{"href":"https:\/\/www.egemtv.com\/index.php?rest_route=\/wp\/v2\/posts\/49681","targetHints":{"allow":["GET"]}}],"collection":[{"href":"https:\/\/www.egemtv.com\/index.php?rest_route=\/wp\/v2\/posts"}],"about":[{"href":"https:\/\/www.egemtv.com\/index.php?rest_route=\/wp\/v2\/types\/post"}],"author":[{"embeddable":true,"href":"https:\/\/www.egemtv.com\/index.php?rest_route=\/wp\/v2\/users\/1"}],"replies":[{"embeddable":true,"href":"https:\/\/www.egemtv.com\/index.php?rest_route=%2Fwp%2Fv2%2Fcomments&post=49681"}],"version-history":[{"count":1,"href":"https:\/\/www.egemtv.com\/index.php?rest_route=\/wp\/v2\/posts\/49681\/revisions"}],"predecessor-version":[{"id":49683,"href":"https:\/\/www.egemtv.com\/index.php?rest_route=\/wp\/v2\/posts\/49681\/revisions\/49683"}],"wp:featuredmedia":[{"embeddable":true,"href":"https:\/\/www.egemtv.com\/index.php?rest_route=\/wp\/v2\/media\/49682"}],"wp:attachment":[{"href":"https:\/\/www.egemtv.com\/index.php?rest_route=%2Fwp%2Fv2%2Fmedia&parent=49681"}],"wp:term":[{"taxonomy":"category","embeddable":true,"href":"https:\/\/www.egemtv.com\/index.php?rest_route=%2Fwp%2Fv2%2Fcategories&post=49681"},{"taxonomy":"post_tag","embeddable":true,"href":"https:\/\/www.egemtv.com\/index.php?rest_route=%2Fwp%2Fv2%2Ftags&post=49681"}],"curies":[{"name":"wp","href":"https:\/\/api.w.org\/{rel}","templated":true}]}}