{"id":49678,"date":"2025-08-18T23:14:35","date_gmt":"2025-08-18T20:14:35","guid":{"rendered":"https:\/\/www.egemtv.com\/?p=49678"},"modified":"2025-08-18T23:14:35","modified_gmt":"2025-08-18T20:14:35","slug":"ak-parti-aydin-milletvekili-ozmen-aydin-degil-ege-bolge-mitingi","status":"publish","type":"post","link":"https:\/\/www.egemtv.com\/?p=49678","title":{"rendered":"AK Parti Ayd\u0131n Milletvekili \u00d6zmen: &#8220;Ayd\u0131n de\u011fil Ege b\u00f6lge mitingi&#8221;"},"content":{"rendered":"<p>AK Parti Ayd\u0131n Milletvekili \u00d6mer \u00d6zmen, Cumhuriyet Halk Partisi (CHP) Genel Ba\u015fkan\u0131 \u00d6zg\u00fcr \u00d6zel\u2019in Ayd\u0131n B\u00fcy\u00fck\u015fehir Belediye Ba\u015fkan\u0131 \u00d6zlem \u00c7er\u00e7io\u011flu\u2019nun partisi CHP\u2019den istifa edip AK Parti\u2019ye kat\u0131lmas\u0131 nedeniyle Ayd\u0131n\u2019da d\u00fczenledi\u011fi mitingin ta\u015f\u0131ma miting oldu\u011funu iddia etti. \u00c7evre illerden gelen ara\u00e7lar\u0131n foto\u011fraflar\u0131n\u0131 payla\u015fan \u00d6zmen, &#8220;Ayd\u0131n de\u011fil Ege b\u00f6lge mitingi&#8221; yorumunu yapt\u0131.<br \/>\n<br \/>AK Parti Ayd\u0131n Milletvekili \u00d6mer \u00d6zmen, CHP Genel Ba\u015fkan\u0131 \u00d6zg\u00fcr \u00d6zel\u2019in Ayd\u0131n mitinginde meydan\u0131n \u00e7e\u015fitli illerden ta\u015f\u0131nan insanlarla dolduruldu\u011funu iddia etti. \u00d6zmen yapt\u0131\u011f\u0131 payla\u015f\u0131mda, &#8220;CHP Genel Ba\u015fkan\u0131 Say\u0131n \u00d6zg\u00fcr \u00d6zel, Ayd\u0131n\u2019da miting alan\u0131nda Ayd\u0131nl\u0131\u2019dan \u00e7ok \u00e7evre illerden gelen, Ayd\u0131n\u2019a kom\u015fu il ve il\u00e7e belediyelerinin ta\u015f\u0131d\u0131\u011f\u0131 insanlar var, yan\u0131ltmas\u0131nlar sizi. Ayd\u0131n de\u011fil de Ege b\u00f6lge mitingi diyebilirsiniz, kurmaylar\u0131n\u0131z sizi yan\u0131ltmas\u0131n&#8221; ifadelerine yer verdi.<br \/><\/p>\n","protected":false},"excerpt":{"rendered":"<p>AK Parti Ayd\u0131n Milletvekili \u00d6mer \u00d6zmen, Cumhuriyet Halk Partisi (CHP) Genel Ba\u015fkan\u0131 \u00d6zg\u00fcr \u00d6zel\u2019in Ayd\u0131n B\u00fcy\u00fck\u015fehir Belediye Ba\u015fkan\u0131 \u00d6zlem \u00c7er\u00e7io\u011flu\u2019nun partisi CHP\u2019den istifa edip AK Parti\u2019ye kat\u0131lmas\u0131 nedeniyle Ayd\u0131n\u2019da d\u00fczenledi\u011fi mitingin ta\u015f\u0131ma miting oldu\u011funu iddia etti. \u00c7evre illerden gelen ara\u00e7lar\u0131n foto\u011fraflar\u0131n\u0131 payla\u015fan \u00d6zmen, &#8220;Ayd\u0131n de\u011fil Ege b\u00f6lge mitingi&#8221; yorumunu yapt\u0131. AK Parti Ayd\u0131n Milletvekili \u00d6mer&#8230;<\/p>\n","protected":false},"author":1,"featured_media":49679,"comment_status":"open","ping_status":"open","sticky":false,"template":"","format":"standard","meta":{"_crdt_document":"","footnotes":""},"categories":[127],"tags":[],"class_list":["post-49678","post","type-post","status-publish","format-standard","has-post-thumbnail","hentry","category-siyaset"],"_links":{"self":[{"href":"https:\/\/www.egemtv.com\/index.php?rest_route=\/wp\/v2\/posts\/49678","targetHints":{"allow":["GET"]}}],"collection":[{"href":"https:\/\/www.egemtv.com\/index.php?rest_route=\/wp\/v2\/posts"}],"about":[{"href":"https:\/\/www.egemtv.com\/index.php?rest_route=\/wp\/v2\/types\/post"}],"author":[{"embeddable":true,"href":"https:\/\/www.egemtv.com\/index.php?rest_route=\/wp\/v2\/users\/1"}],"replies":[{"embeddable":true,"href":"https:\/\/www.egemtv.com\/index.php?rest_route=%2Fwp%2Fv2%2Fcomments&post=49678"}],"version-history":[{"count":1,"href":"https:\/\/www.egemtv.com\/index.php?rest_route=\/wp\/v2\/posts\/49678\/revisions"}],"predecessor-version":[{"id":49680,"href":"https:\/\/www.egemtv.com\/index.php?rest_route=\/wp\/v2\/posts\/49678\/revisions\/49680"}],"wp:featuredmedia":[{"embeddable":true,"href":"https:\/\/www.egemtv.com\/index.php?rest_route=\/wp\/v2\/media\/49679"}],"wp:attachment":[{"href":"https:\/\/www.egemtv.com\/index.php?rest_route=%2Fwp%2Fv2%2Fmedia&parent=49678"}],"wp:term":[{"taxonomy":"category","embeddable":true,"href":"https:\/\/www.egemtv.com\/index.php?rest_route=%2Fwp%2Fv2%2Fcategories&post=49678"},{"taxonomy":"post_tag","embeddable":true,"href":"https:\/\/www.egemtv.com\/index.php?rest_route=%2Fwp%2Fv2%2Ftags&post=49678"}],"curies":[{"name":"wp","href":"https:\/\/api.w.org\/{rel}","templated":true}]}}